{"id":935,"date":"2017-01-17T09:21:18","date_gmt":"2017-01-17T12:21:18","guid":{"rendered":"https:\/\/www.casamagalhaes.com.br\/blog\/?p=935"},"modified":"2018-12-12T10:00:13","modified_gmt":"2018-12-12T13:00:13","slug":"projecoes-para-o-varejo-2017","status":"publish","type":"post","link":"https:\/\/www.casamagalhaes.com.br\/blog\/tendencias-de-mercado\/projecoes-para-o-varejo-2017\/","title":{"rendered":"Proje\u00e7\u00f5es para o varejo: o que 2017 reserva para o seu neg\u00f3cio?"},"content":{"rendered":"<h6><span style=\"font-weight: 400; color: #ffffff;\">Proje\u00e7\u00f5es para o varejo: o que 2017 reserva para o seu neg\u00f3cio?<\/span><\/h6>\n<p><span style=\"font-weight: 400;\">O ano de 2016 acabou e isso foi um al\u00edvio para grande parte dos varejistas. O segmento encerrou o ano com uma queda de 6,6% em compara\u00e7\u00e3o com 2015, representando o pior resultado nos \u00faltimos 16 anos de acordo com \u00a0Indicador <\/span><a href=\"http:\/\/noticias.serasaexperian.com.br\/indicadores-economicos\/atividade-do-comercio\/\"><span style=\"font-weight: 400;\">Serasa Experian<\/span><\/a><span style=\"font-weight: 400;\"> de Atividade do Com\u00e9rcio. A pergunta que fica para os empres\u00e1rios do ramo \u00e9: como ser\u00e3o os\u00a0pr\u00f3ximos meses? Se voc\u00ea tamb\u00e9m quer saber, continue lendo e fique por dentro das proje\u00e7\u00f5es para o varejo. <\/span><\/p>\n<p><span style=\"font-weight: 400;\">Segundo especialista da Serasa, o cen\u00e1rio de 2016 foi reflexo das \u201cdificuldades enfrentadas pelos consumidores durante o ano passado\u201d. O <strong>endividamento<\/strong> foi apontado por 40% dessas pessoas como o motivo para o consumidor n\u00e3o estar indo \u00e0s compras. <\/span><\/p>\n<p><span style=\"font-weight: 400;\">J\u00e1 o\u00a0<strong>desemprego<\/strong>, segundo motivo apontado pela sondagem nacional de h\u00e1bitos de consumo da <\/span><a href=\"http:\/\/www.boavistaservicos.com.br\/\"><span style=\"font-weight: 400;\">Boa Vista SCPC<\/span><\/a><span style=\"font-weight: 400;\">, teve um aumento de 8% em rela\u00e7\u00e3o ao ano de 2015 . <\/span><\/p>\n<p><span style=\"font-weight: 400;\">Al\u00e9m dos aspectos relacionados ao consumidor, os resultados para o varejo em \u00a02017 ir\u00e3o depender da estabilidade pol\u00edtica, que vem provocando um clima de desconfian\u00e7a e tens\u00e3o entre os consumidores e trazendo como consequ\u00eancia uma paralisia para a economia. \u00a0<\/span><\/p>\n<p><span style=\"font-weight: 400;\">Apesar das incertezas, as proje\u00e7\u00f5es realizadas pelo Instituto para o Desenvolvimento do Varejo (IDV) apontou um crescimento de 1,5% para o m\u00eas de janeiro e 0,02% em fevereiro. As proje\u00e7\u00f5es para o varejo, que tem como base a <\/span><a href=\"http:\/\/www.ibge.gov.br\/home\/estatistica\/indicadores\/comercio\/pmc\/\"><span style=\"font-weight: 400;\">Pesquisa Mensal de Com\u00e9rcio do IBGE<\/span><\/a><span style=\"font-weight: 400;\">, apontam as primeiras altas para o varejo nos \u00faltimos 20 meses. <\/span><\/p>\n<p><span style=\"font-weight: 400;\">O ano de 2017 traz <strong>expectativas positivas para as vendas<\/strong>, isso porque alguns dos fatores respons\u00e1veis pelos resultados negativos do \u00faltimo ano vem reduzindo. Apesar da leve melhora, a <\/span><a href=\"http:\/\/g1.globo.com\/economia\/noticia\/2016\/11\/ocde-projeta-estagnacao-do-brasil-em-2017.html\"><span style=\"font-weight: 400;\">Organiza\u00e7\u00e3o para Coopera\u00e7\u00e3o e Desenvolvimento Econ\u00f4mico (OCDE)<\/span><\/a><span style=\"font-weight: 400;\"> prev\u00ea a retomada do crescimento econ\u00f4mico apenas para 2018.<\/span><\/p>\n<p><span style=\"font-weight: 400;\">Dentro das\u00a0proje\u00e7\u00f5es para o varejo, os segmentos de<strong> supermercados<\/strong>, <strong>hipermercados<\/strong> <strong>e<\/strong> <strong>alimenta\u00e7\u00e3o <\/strong>fora de casa apontam um crescimento de 2,11% em janeiro e uma redu\u00e7\u00e3o de 0,9% em fevereiro. Vale lembrar a press\u00e3o sofrida por esses segmentos em rela\u00e7\u00e3o \u00e0 infla\u00e7\u00e3o, que acumulou um aumento de 13,4% em 2016.<\/span><\/p>\n<h2>Reinvente-se para superar a crise.<\/h2>\n<p><span style=\"font-weight: 400;\">Assim como todos os outros setores da economia, o varejo precisa se reinventar e apostar em inova\u00e7\u00e3o para enfrentar os tempos de crise. Agora que voc\u00ea j\u00e1 sabe que 2017 vai ser um ano de desafios para sua empresa, confira algumas dicas que podem te ajudar neste ano:<\/span><\/p>\n<ul>\n<li><span style=\"font-weight: 400;\">Invista no <strong>varejo h\u00edbrido<\/strong>: diversifique o seu ponto de vendas criando espa\u00e7os onde os consumidores podem encontrar produtos de diferentes segmentos como: restaurantes dentro dos supermercados, uma \u00e1rea de servi\u00e7os para os clientes e outros. <\/span><\/li>\n<li><span style=\"font-weight: 400;\">Invista do <strong>varejo online<\/strong>: a decis\u00e3o de compra do cliente moderno transita entre os ambientes f\u00edsicos e virtuais, seja para pesquisas ou para a compra efetiva. O varejo deve investir no universo online, em especial os supermercados.<\/span><\/li>\n<li><span style=\"font-weight: 400;\">Invista em <strong>melhoria da gest\u00e3o<\/strong>: para que sua empresa atinja resultados consistentes \u00e9 necess\u00e1rio otimizar o gerenciamento do seu neg\u00f3cio. Procure automatizar sua empresa por meio de um <\/span><a href=\"http:\/\/www.casamagalhaes.com.br\/sistemas\/varejofacil\"><span style=\"font-weight: 400;\">sistema de gest\u00e3o<\/span><\/a><span style=\"font-weight: 400;\"> que possibilite o controle de \u00e1reas estrat\u00e9gicas do seu neg\u00f3cio, como: gerenciamento de estoques, acompanhamento de vendas, controles financeiros e outros. Al\u00e9m de permitir o acompanhamento e a organiza\u00e7\u00e3o de todas as \u00e1reas da sua empresa, o<\/span>s sistemas de gest\u00e3o possibilitam a melhoria dos processos e redu\u00e7\u00e3o de custos, aumentando sua lucratividade.<\/li>\n<\/ul>\n<p>Agora que voc\u00ea sabe o que a economia prev\u00ea para o seu neg\u00f3cio, basta preparar sua empresa e ter sucesso em 2017! Quer continuar acompanhando os posts aqui do blog? Ent\u00e3o, aproveite e assine nossa newsletter agora mesmo e fique por dentro das novidades! Basta fazer o seu cadastro aqui embaixo!<\/p>\n<div id=\"cta-rodape-post-blog-cadastro-newsletter-5225678ea3f96bcfaa68\"><\/div>\n<p><script src=\"https:\/\/d335luupugsy2.cloudfront.net\/js\/rdstation-forms\/stable\/rdstation-forms.min.js\" type=\"text\/javascript\"><\/script><br \/>\n<script type=\"text\/javascript\">\/\/ <![CDATA[\n  new RDStationForms('cta-rodape-post-blog-cadastro-newsletter-5225678ea3f96bcfaa68-html', 'UA-45095125-1').createForm();\n\/\/ ]]><\/script><\/p>\n","protected":false},"excerpt":{"rendered":"<p>O ano de 2016 acabou, mas o que o futuro reserva para os varejistas nos pr\u00f3ximos meses? Ficou curioso? Continue lendo e confira as proje\u00e7\u00f5es para o varejo.<\/p>\n","protected":false},"author":3,"featured_media":964,"comment_status":"open","ping_status":"open","sticky":false,"template":"","format":"standard","meta":{"_acf_changed":false,"episode_type":"","audio_file":"","podmotor_file_id":"","podmotor_episode_id":"","cover_image":"","cover_image_id":"","duration":"","filesize":"","filesize_raw":"","date_recorded":"","explicit":"","block":"","itunes_episode_number":"","itunes_title":"","itunes_season_number":"","itunes_episode_type":"","ngg_post_thumbnail":0,"footnotes":""},"categories":[161,163],"tags":[130,117],"class_list":["post-935","post","type-post","status-publish","format-standard","has-post-thumbnail","hentry","category-supermercado-e-varejo","category-tendencias-de-mercado","tag-supermercados","tag-tendencias-de-mercado"],"acf":[],"yoast_head":"<!-- This site is optimized with the Yoast SEO plugin v27.5 - https:\/\/yoast.com\/product\/yoast-seo-wordpress\/ -->\n<title>Proje\u00e7\u00f5es para o varejo: o que 2017 reserva para o seu neg\u00f3cio?<\/title>\n<meta name=\"description\" content=\"O ano de 2016 acabou, mas o que o futuro reserva para os varejistas nos pr\u00f3ximos meses? Ficou curioso? Continue lendo e confira as proje\u00e7\u00f5es para o varejo.\" \/>\n<meta name=\"robots\" content=\"index, follow, max-snippet:-1, max-image-preview:large, max-video-preview:-1\" \/>\n<link rel=\"canonical\" href=\"https:\/\/www.casamagalhaes.com.br\/blog\/tendencias-de-mercado\/projecoes-para-o-varejo-2017\/\" \/>\n<meta property=\"og:locale\" content=\"pt_BR\" \/>\n<meta property=\"og:type\" content=\"article\" \/>\n<meta property=\"og:title\" content=\"Proje\u00e7\u00f5es para o varejo: o que 2017 reserva para o seu neg\u00f3cio?\" \/>\n<meta property=\"og:description\" content=\"O ano de 2016 acabou, mas o que o futuro reserva para os varejistas nos pr\u00f3ximos meses? Ficou curioso? Continue lendo e confira as proje\u00e7\u00f5es para o varejo.\" \/>\n<meta property=\"og:url\" content=\"https:\/\/www.casamagalhaes.com.br\/blog\/tendencias-de-mercado\/projecoes-para-o-varejo-2017\/\" \/>\n<meta property=\"og:site_name\" content=\"Blog da Casa Magalh\u00e3es\" \/>\n<meta property=\"article:published_time\" content=\"2017-01-17T12:21:18+00:00\" \/>\n<meta property=\"article:modified_time\" content=\"2018-12-12T13:00:13+00:00\" \/>\n<meta property=\"og:image\" content=\"https:\/\/www.casamagalhaes.com.br\/blog\/wp-content\/uploads\/2017\/01\/shutterstock_196039208-e1484655484685.jpg\" \/>\n\t<meta property=\"og:image:width\" content=\"845\" \/>\n\t<meta property=\"og:image:height\" content=\"564\" \/>\n\t<meta property=\"og:image:type\" content=\"image\/jpeg\" \/>\n<meta name=\"author\" content=\"Casa Magalh\u00e3es\" \/>\n<meta name=\"twitter:card\" content=\"summary_large_image\" \/>\n<meta name=\"twitter:label1\" content=\"Escrito por\" \/>\n\t<meta name=\"twitter:data1\" content=\"Casa Magalh\u00e3es\" \/>\n\t<meta name=\"twitter:label2\" content=\"Est. tempo de leitura\" \/>\n\t<meta name=\"twitter:data2\" content=\"3 minutos\" \/>\n<script type=\"application\/ld+json\" class=\"yoast-schema-graph\">{\"@context\":\"https:\\\/\\\/schema.org\",\"@graph\":[{\"@type\":\"Article\",\"@id\":\"https:\\\/\\\/www.casamagalhaes.com.br\\\/blog\\\/tendencias-de-mercado\\\/projecoes-para-o-varejo-2017\\\/#article\",\"isPartOf\":{\"@id\":\"https:\\\/\\\/www.casamagalhaes.com.br\\\/blog\\\/tendencias-de-mercado\\\/projecoes-para-o-varejo-2017\\\/\"},\"author\":{\"name\":\"Casa Magalh\u00e3es\",\"@id\":\"https:\\\/\\\/www.casamagalhaes.com.br\\\/blog\\\/#\\\/schema\\\/person\\\/56c892544a618f4fc2031b11e7b05831\"},\"headline\":\"Proje\u00e7\u00f5es para o varejo: o que 2017 reserva para o seu neg\u00f3cio?\",\"datePublished\":\"2017-01-17T12:21:18+00:00\",\"dateModified\":\"2018-12-12T13:00:13+00:00\",\"mainEntityOfPage\":{\"@id\":\"https:\\\/\\\/www.casamagalhaes.com.br\\\/blog\\\/tendencias-de-mercado\\\/projecoes-para-o-varejo-2017\\\/\"},\"wordCount\":646,\"commentCount\":0,\"image\":{\"@id\":\"https:\\\/\\\/www.casamagalhaes.com.br\\\/blog\\\/tendencias-de-mercado\\\/projecoes-para-o-varejo-2017\\\/#primaryimage\"},\"thumbnailUrl\":\"https:\\\/\\\/www.casamagalhaes.com.br\\\/blog\\\/wp-content\\\/uploads\\\/2017\\\/01\\\/shutterstock_196039208-e1484655484685.jpg\",\"keywords\":[\"Supermercado e Varejo\",\"Tend\u00eancias de Mercado\"],\"articleSection\":[\"Supermercados e Varejo\",\"Tend\u00eancias de mercado\"],\"inLanguage\":\"pt-BR\",\"potentialAction\":[{\"@type\":\"CommentAction\",\"name\":\"Comment\",\"target\":[\"https:\\\/\\\/www.casamagalhaes.com.br\\\/blog\\\/tendencias-de-mercado\\\/projecoes-para-o-varejo-2017\\\/#respond\"]}]},{\"@type\":\"WebPage\",\"@id\":\"https:\\\/\\\/www.casamagalhaes.com.br\\\/blog\\\/tendencias-de-mercado\\\/projecoes-para-o-varejo-2017\\\/\",\"url\":\"https:\\\/\\\/www.casamagalhaes.com.br\\\/blog\\\/tendencias-de-mercado\\\/projecoes-para-o-varejo-2017\\\/\",\"name\":\"Proje\u00e7\u00f5es para o varejo: o que 2017 reserva para o seu neg\u00f3cio?\",\"isPartOf\":{\"@id\":\"https:\\\/\\\/www.casamagalhaes.com.br\\\/blog\\\/#website\"},\"primaryImageOfPage\":{\"@id\":\"https:\\\/\\\/www.casamagalhaes.com.br\\\/blog\\\/tendencias-de-mercado\\\/projecoes-para-o-varejo-2017\\\/#primaryimage\"},\"image\":{\"@id\":\"https:\\\/\\\/www.casamagalhaes.com.br\\\/blog\\\/tendencias-de-mercado\\\/projecoes-para-o-varejo-2017\\\/#primaryimage\"},\"thumbnailUrl\":\"https:\\\/\\\/www.casamagalhaes.com.br\\\/blog\\\/wp-content\\\/uploads\\\/2017\\\/01\\\/shutterstock_196039208-e1484655484685.jpg\",\"datePublished\":\"2017-01-17T12:21:18+00:00\",\"dateModified\":\"2018-12-12T13:00:13+00:00\",\"author\":{\"@id\":\"https:\\\/\\\/www.casamagalhaes.com.br\\\/blog\\\/#\\\/schema\\\/person\\\/56c892544a618f4fc2031b11e7b05831\"},\"description\":\"O ano de 2016 acabou, mas o que o futuro reserva para os varejistas nos pr\u00f3ximos meses? Ficou curioso? Continue lendo e confira as proje\u00e7\u00f5es para o varejo.\",\"breadcrumb\":{\"@id\":\"https:\\\/\\\/www.casamagalhaes.com.br\\\/blog\\\/tendencias-de-mercado\\\/projecoes-para-o-varejo-2017\\\/#breadcrumb\"},\"inLanguage\":\"pt-BR\",\"potentialAction\":[{\"@type\":\"ReadAction\",\"target\":[\"https:\\\/\\\/www.casamagalhaes.com.br\\\/blog\\\/tendencias-de-mercado\\\/projecoes-para-o-varejo-2017\\\/\"]}]},{\"@type\":\"ImageObject\",\"inLanguage\":\"pt-BR\",\"@id\":\"https:\\\/\\\/www.casamagalhaes.com.br\\\/blog\\\/tendencias-de-mercado\\\/projecoes-para-o-varejo-2017\\\/#primaryimage\",\"url\":\"https:\\\/\\\/www.casamagalhaes.com.br\\\/blog\\\/wp-content\\\/uploads\\\/2017\\\/01\\\/shutterstock_196039208-e1484655484685.jpg\",\"contentUrl\":\"https:\\\/\\\/www.casamagalhaes.com.br\\\/blog\\\/wp-content\\\/uploads\\\/2017\\\/01\\\/shutterstock_196039208-e1484655484685.jpg\",\"width\":845,\"height\":564,\"caption\":\"Proje\u00e7\u00f5es para o varejo: o que 2017 reserva para o seu neg\u00f3cio?\"},{\"@type\":\"BreadcrumbList\",\"@id\":\"https:\\\/\\\/www.casamagalhaes.com.br\\\/blog\\\/tendencias-de-mercado\\\/projecoes-para-o-varejo-2017\\\/#breadcrumb\",\"itemListElement\":[{\"@type\":\"ListItem\",\"position\":1,\"name\":\"In\u00edcio\",\"item\":\"https:\\\/\\\/www.casamagalhaes.com.br\\\/blog\\\/\"},{\"@type\":\"ListItem\",\"position\":2,\"name\":\"Proje\u00e7\u00f5es para o varejo: o que 2017 reserva para o seu neg\u00f3cio?\"}]},{\"@type\":\"WebSite\",\"@id\":\"https:\\\/\\\/www.casamagalhaes.com.br\\\/blog\\\/#website\",\"url\":\"https:\\\/\\\/www.casamagalhaes.com.br\\\/blog\\\/\",\"name\":\"Blog da Casa Magalh\u00e3es\",\"description\":\"\",\"potentialAction\":[{\"@type\":\"SearchAction\",\"target\":{\"@type\":\"EntryPoint\",\"urlTemplate\":\"https:\\\/\\\/www.casamagalhaes.com.br\\\/blog\\\/?s={search_term_string}\"},\"query-input\":{\"@type\":\"PropertyValueSpecification\",\"valueRequired\":true,\"valueName\":\"search_term_string\"}}],\"inLanguage\":\"pt-BR\"},{\"@type\":\"Person\",\"@id\":\"https:\\\/\\\/www.casamagalhaes.com.br\\\/blog\\\/#\\\/schema\\\/person\\\/56c892544a618f4fc2031b11e7b05831\",\"name\":\"Casa Magalh\u00e3es\",\"description\":\"Somos um Grupo empresarial da ind\u00fastria de TI, refer\u00eancia no mercado nacional de automa\u00e7\u00e3o comercial desde 1966, composto por empresas que desenvolvem softwares integrados de gest\u00e3o empresarial e frente de loja. Possui atendimento comercial, implanta\u00e7\u00e3o e suporte em todas as capitais do Brasil atrav\u00e9s de uma ampla rede de parceiros credenciados.\",\"sameAs\":[\"http:\\\/\\\/www.casamagalhaes.com.br\",\"https:\\\/\\\/www.instagram.com\\\/grupocasamagalhaes\\\/?hl=pt-br\"]}]}<\/script>\n<!-- \/ Yoast SEO plugin. -->","yoast_head_json":{"title":"Proje\u00e7\u00f5es para o varejo: o que 2017 reserva para o seu neg\u00f3cio?","description":"O ano de 2016 acabou, mas o que o futuro reserva para os varejistas nos pr\u00f3ximos meses? Ficou curioso? Continue lendo e confira as proje\u00e7\u00f5es para o varejo.","robots":{"index":"index","follow":"follow","max-snippet":"max-snippet:-1","max-image-preview":"max-image-preview:large","max-video-preview":"max-video-preview:-1"},"canonical":"https:\/\/www.casamagalhaes.com.br\/blog\/tendencias-de-mercado\/projecoes-para-o-varejo-2017\/","og_locale":"pt_BR","og_type":"article","og_title":"Proje\u00e7\u00f5es para o varejo: o que 2017 reserva para o seu neg\u00f3cio?","og_description":"O ano de 2016 acabou, mas o que o futuro reserva para os varejistas nos pr\u00f3ximos meses? Ficou curioso? Continue lendo e confira as proje\u00e7\u00f5es para o varejo.","og_url":"https:\/\/www.casamagalhaes.com.br\/blog\/tendencias-de-mercado\/projecoes-para-o-varejo-2017\/","og_site_name":"Blog da Casa Magalh\u00e3es","article_published_time":"2017-01-17T12:21:18+00:00","article_modified_time":"2018-12-12T13:00:13+00:00","og_image":[{"width":845,"height":564,"url":"https:\/\/www.casamagalhaes.com.br\/blog\/wp-content\/uploads\/2017\/01\/shutterstock_196039208-e1484655484685.jpg","type":"image\/jpeg"}],"author":"Casa Magalh\u00e3es","twitter_card":"summary_large_image","twitter_misc":{"Escrito por":"Casa Magalh\u00e3es","Est. tempo de leitura":"3 minutos"},"schema":{"@context":"https:\/\/schema.org","@graph":[{"@type":"Article","@id":"https:\/\/www.casamagalhaes.com.br\/blog\/tendencias-de-mercado\/projecoes-para-o-varejo-2017\/#article","isPartOf":{"@id":"https:\/\/www.casamagalhaes.com.br\/blog\/tendencias-de-mercado\/projecoes-para-o-varejo-2017\/"},"author":{"name":"Casa Magalh\u00e3es","@id":"https:\/\/www.casamagalhaes.com.br\/blog\/#\/schema\/person\/56c892544a618f4fc2031b11e7b05831"},"headline":"Proje\u00e7\u00f5es para o varejo: o que 2017 reserva para o seu neg\u00f3cio?","datePublished":"2017-01-17T12:21:18+00:00","dateModified":"2018-12-12T13:00:13+00:00","mainEntityOfPage":{"@id":"https:\/\/www.casamagalhaes.com.br\/blog\/tendencias-de-mercado\/projecoes-para-o-varejo-2017\/"},"wordCount":646,"commentCount":0,"image":{"@id":"https:\/\/www.casamagalhaes.com.br\/blog\/tendencias-de-mercado\/projecoes-para-o-varejo-2017\/#primaryimage"},"thumbnailUrl":"https:\/\/www.casamagalhaes.com.br\/blog\/wp-content\/uploads\/2017\/01\/shutterstock_196039208-e1484655484685.jpg","keywords":["Supermercado e Varejo","Tend\u00eancias de Mercado"],"articleSection":["Supermercados e Varejo","Tend\u00eancias de mercado"],"inLanguage":"pt-BR","potentialAction":[{"@type":"CommentAction","name":"Comment","target":["https:\/\/www.casamagalhaes.com.br\/blog\/tendencias-de-mercado\/projecoes-para-o-varejo-2017\/#respond"]}]},{"@type":"WebPage","@id":"https:\/\/www.casamagalhaes.com.br\/blog\/tendencias-de-mercado\/projecoes-para-o-varejo-2017\/","url":"https:\/\/www.casamagalhaes.com.br\/blog\/tendencias-de-mercado\/projecoes-para-o-varejo-2017\/","name":"Proje\u00e7\u00f5es para o varejo: o que 2017 reserva para o seu neg\u00f3cio?","isPartOf":{"@id":"https:\/\/www.casamagalhaes.com.br\/blog\/#website"},"primaryImageOfPage":{"@id":"https:\/\/www.casamagalhaes.com.br\/blog\/tendencias-de-mercado\/projecoes-para-o-varejo-2017\/#primaryimage"},"image":{"@id":"https:\/\/www.casamagalhaes.com.br\/blog\/tendencias-de-mercado\/projecoes-para-o-varejo-2017\/#primaryimage"},"thumbnailUrl":"https:\/\/www.casamagalhaes.com.br\/blog\/wp-content\/uploads\/2017\/01\/shutterstock_196039208-e1484655484685.jpg","datePublished":"2017-01-17T12:21:18+00:00","dateModified":"2018-12-12T13:00:13+00:00","author":{"@id":"https:\/\/www.casamagalhaes.com.br\/blog\/#\/schema\/person\/56c892544a618f4fc2031b11e7b05831"},"description":"O ano de 2016 acabou, mas o que o futuro reserva para os varejistas nos pr\u00f3ximos meses? Ficou curioso? Continue lendo e confira as proje\u00e7\u00f5es para o varejo.","breadcrumb":{"@id":"https:\/\/www.casamagalhaes.com.br\/blog\/tendencias-de-mercado\/projecoes-para-o-varejo-2017\/#breadcrumb"},"inLanguage":"pt-BR","potentialAction":[{"@type":"ReadAction","target":["https:\/\/www.casamagalhaes.com.br\/blog\/tendencias-de-mercado\/projecoes-para-o-varejo-2017\/"]}]},{"@type":"ImageObject","inLanguage":"pt-BR","@id":"https:\/\/www.casamagalhaes.com.br\/blog\/tendencias-de-mercado\/projecoes-para-o-varejo-2017\/#primaryimage","url":"https:\/\/www.casamagalhaes.com.br\/blog\/wp-content\/uploads\/2017\/01\/shutterstock_196039208-e1484655484685.jpg","contentUrl":"https:\/\/www.casamagalhaes.com.br\/blog\/wp-content\/uploads\/2017\/01\/shutterstock_196039208-e1484655484685.jpg","width":845,"height":564,"caption":"Proje\u00e7\u00f5es para o varejo: o que 2017 reserva para o seu neg\u00f3cio?"},{"@type":"BreadcrumbList","@id":"https:\/\/www.casamagalhaes.com.br\/blog\/tendencias-de-mercado\/projecoes-para-o-varejo-2017\/#breadcrumb","itemListElement":[{"@type":"ListItem","position":1,"name":"In\u00edcio","item":"https:\/\/www.casamagalhaes.com.br\/blog\/"},{"@type":"ListItem","position":2,"name":"Proje\u00e7\u00f5es para o varejo: o que 2017 reserva para o seu neg\u00f3cio?"}]},{"@type":"WebSite","@id":"https:\/\/www.casamagalhaes.com.br\/blog\/#website","url":"https:\/\/www.casamagalhaes.com.br\/blog\/","name":"Blog da Casa Magalh\u00e3es","description":"","potentialAction":[{"@type":"SearchAction","target":{"@type":"EntryPoint","urlTemplate":"https:\/\/www.casamagalhaes.com.br\/blog\/?s={search_term_string}"},"query-input":{"@type":"PropertyValueSpecification","valueRequired":true,"valueName":"search_term_string"}}],"inLanguage":"pt-BR"},{"@type":"Person","@id":"https:\/\/www.casamagalhaes.com.br\/blog\/#\/schema\/person\/56c892544a618f4fc2031b11e7b05831","name":"Casa Magalh\u00e3es","description":"Somos um Grupo empresarial da ind\u00fastria de TI, refer\u00eancia no mercado nacional de automa\u00e7\u00e3o comercial desde 1966, composto por empresas que desenvolvem softwares integrados de gest\u00e3o empresarial e frente de loja. Possui atendimento comercial, implanta\u00e7\u00e3o e suporte em todas as capitais do Brasil atrav\u00e9s de uma ampla rede de parceiros credenciados.","sameAs":["http:\/\/www.casamagalhaes.com.br","https:\/\/www.instagram.com\/grupocasamagalhaes\/?hl=pt-br"]}]}},"_links":{"self":[{"href":"https:\/\/www.casamagalhaes.com.br\/blog\/wp-json\/wp\/v2\/posts\/935","targetHints":{"allow":["GET"]}}],"collection":[{"href":"https:\/\/www.casamagalhaes.com.br\/blog\/wp-json\/wp\/v2\/posts"}],"about":[{"href":"https:\/\/www.casamagalhaes.com.br\/blog\/wp-json\/wp\/v2\/types\/post"}],"author":[{"embeddable":true,"href":"https:\/\/www.casamagalhaes.com.br\/blog\/wp-json\/wp\/v2\/users\/3"}],"replies":[{"embeddable":true,"href":"https:\/\/www.casamagalhaes.com.br\/blog\/wp-json\/wp\/v2\/comments?post=935"}],"version-history":[{"count":42,"href":"https:\/\/www.casamagalhaes.com.br\/blog\/wp-json\/wp\/v2\/posts\/935\/revisions"}],"predecessor-version":[{"id":4659,"href":"https:\/\/www.casamagalhaes.com.br\/blog\/wp-json\/wp\/v2\/posts\/935\/revisions\/4659"}],"wp:featuredmedia":[{"embeddable":true,"href":"https:\/\/www.casamagalhaes.com.br\/blog\/wp-json\/wp\/v2\/media\/964"}],"wp:attachment":[{"href":"https:\/\/www.casamagalhaes.com.br\/blog\/wp-json\/wp\/v2\/media?parent=935"}],"wp:term":[{"taxonomy":"category","embeddable":true,"href":"https:\/\/www.casamagalhaes.com.br\/blog\/wp-json\/wp\/v2\/categories?post=935"},{"taxonomy":"post_tag","embeddable":true,"href":"https:\/\/www.casamagalhaes.com.br\/blog\/wp-json\/wp\/v2\/tags?post=935"}],"curies":[{"name":"wp","href":"https:\/\/api.w.org\/{rel}","templated":true}]}}