{"id":7035,"date":"2020-03-12T10:18:31","date_gmt":"2020-03-12T13:18:31","guid":{"rendered":"https:\/\/www.casamagalhaes.com.br\/blog\/?p=7035"},"modified":"2020-03-12T14:14:48","modified_gmt":"2020-03-12T17:14:48","slug":"cenarios-do-varejo","status":"publish","type":"post","link":"https:\/\/www.casamagalhaes.com.br\/blog\/noticias\/cenarios-do-varejo\/","title":{"rendered":"Cen\u00e1rios do Varejo 2020 e as Inova\u00e7\u00f5es do setor varejista"},"content":{"rendered":"\n<p class=\"has-normal-font-size\"><strong>Varejo e inova\u00e7\u00e3o\u2026<br><\/strong><\/p>\n\n\n\n<p class=\"has-normal-font-size\">Para voc\u00ea varejista, essas duas palavras possuem alguma rela\u00e7\u00e3o, ou s\u00e3o termos opostos?<br><\/p>\n\n\n\n<p class=\"has-normal-font-size\">J\u00e1 tem a resposta? Ent\u00e3o guarda ela com a pergunta que no decorrer do texto voltaremos a conversar sobre o assunto.<br><\/p>\n\n\n\n<p class=\"has-normal-font-size\">No dia 6 de mar\u00e7o, tive o prazer de participar do Cen\u00e1rios do Varejo de 2020, realizado pela C\u00e2mera de Dirigentes Lojistas, CDL de Fortaleza.&nbsp;<br><\/p>\n\n\n\n<p class=\"has-normal-font-size\">Trazendo como tema: \u201cInova\u00e7\u00e3o, as novas tend\u00eancias do varejo global\u201d, o Cen\u00e1rios tem como objetivo compartilhar os <em>insights <\/em>do principal evento do varejo, a <a href=\"https:\/\/nrfbigshow.nrf.com\/\" target=\"_blank\" rel=\"noreferrer noopener\" aria-label=\"National Retail Federation (abre numa nova aba)\">National Retail Federation<\/a> (NRF), realizada em Nova York no in\u00edcio de 2020.<\/p>\n\n\n\n<p><\/p>\n\n\n\n<p class=\"has-normal-font-size\">Foi uma tarde de imers\u00e3o.e muito conhecimento, e \u00e9 claro que a Casa Magalh\u00e3es n\u00e3o ia deixar voc\u00ea de fora do que aconteceu por l\u00e1. <\/p>\n\n\n\n<p class=\"has-normal-font-size\">Nesse conte\u00fado , eu vou te revelar as melhores ideias que foram compartilhadas nas palestras do Alberto Serrentino e Martha Gabriel sobre as inova\u00e7\u00f5es no setor varejista.<br><\/p>\n\n\n\n<p class=\"has-normal-font-size\">S\u00e3o tantos insigths, que eu lhe aconselho a ficar com os olhos vidrados para n\u00e3o deixar passar nenhuma v\u00edrgula. Preparado? Ent\u00e3o vamos l\u00e1, boa leitura.<\/p>\n\n\n\n<div id=\"ez-toc-container\" class=\"ez-toc-v2_0_82_2 counter-hierarchy ez-toc-counter ez-toc-light-blue ez-toc-container-direction\">\n<div class=\"ez-toc-title-container\">\n<p class=\"ez-toc-title\" style=\"cursor:inherit\">Navegue pelo conte\u00fado<\/p>\n<span class=\"ez-toc-title-toggle\"><a href=\"#\" class=\"ez-toc-pull-right ez-toc-btn ez-toc-btn-xs ez-toc-btn-default ez-toc-toggle\" aria-label=\"Alternar tabela de conte\u00fado\"><span class=\"ez-toc-js-icon-con\"><span class=\"\"><span class=\"eztoc-hide\" style=\"display:none;\">Toggle<\/span><span class=\"ez-toc-icon-toggle-span\"><svg style=\"fill: #999;color:#999\" xmlns=\"http:\/\/www.w3.org\/2000\/svg\" class=\"list-377408\" width=\"20px\" height=\"20px\" viewBox=\"0 0 24 24\" fill=\"none\"><path d=\"M6 6H4v2h2V6zm14 0H8v2h12V6zM4 11h2v2H4v-2zm16 0H8v2h12v-2zM4 16h2v2H4v-2zm16 0H8v2h12v-2z\" fill=\"currentColor\"><\/path><\/svg><svg style=\"fill: #999;color:#999\" class=\"arrow-unsorted-368013\" xmlns=\"http:\/\/www.w3.org\/2000\/svg\" width=\"10px\" height=\"10px\" viewBox=\"0 0 24 24\" version=\"1.2\" baseProfile=\"tiny\"><path d=\"M18.2 9.3l-6.2-6.3-6.2 6.3c-.2.2-.3.4-.3.7s.1.5.3.7c.2.2.4.3.7.3h11c.3 0 .5-.1.7-.3.2-.2.3-.5.3-.7s-.1-.5-.3-.7zM5.8 14.7l6.2 6.3 6.2-6.3c.2-.2.3-.5.3-.7s-.1-.5-.3-.7c-.2-.2-.4-.3-.7-.3h-11c-.3 0-.5.1-.7.3-.2.2-.3.5-.3.7s.1.5.3.7z\"\/><\/svg><\/span><\/span><\/span><\/a><\/span><\/div>\n<nav><ul class='ez-toc-list ez-toc-list-level-1 ' ><li class='ez-toc-page-1 ez-toc-heading-level-2'><a class=\"ez-toc-link ez-toc-heading-1\" href=\"https:\/\/www.casamagalhaes.com.br\/blog\/noticias\/cenarios-do-varejo\/#Transformacao_do_Varejo_%E2%80%93_Insigths_da_NRF_de_2020\" >Transforma\u00e7\u00e3o do Varejo &#8211; Insigths da NRF de 2020<\/a><\/li><li class='ez-toc-page-1 ez-toc-heading-level-2'><a class=\"ez-toc-link ez-toc-heading-2\" href=\"https:\/\/www.casamagalhaes.com.br\/blog\/noticias\/cenarios-do-varejo\/#Cenarios_do_Varejo_A_Transformacao_digital_nos_negocios\" >Cen\u00e1rios do Varejo: A Transforma\u00e7\u00e3o digital nos neg\u00f3cios<\/a><\/li><\/ul><\/nav><\/div>\n<h2 class=\"wp-block-heading\"><span class=\"ez-toc-section\" id=\"Transformacao_do_Varejo_%E2%80%93_Insigths_da_NRF_de_2020\"><\/span><strong>Transforma\u00e7\u00e3o do Varejo &#8211; Insigths da NRF de 2020<\/strong><span class=\"ez-toc-section-end\"><\/span><\/h2>\n\n\n\n<p><\/p>\n\n\n\n<div class=\"wp-block-image\"><figure class=\"aligncenter size-large is-resized\"><img loading=\"lazy\" decoding=\"async\" src=\"https:\/\/www.casamagalhaes.com.br\/blog\/wp-content\/uploads\/2020\/03\/cenarios-do-varejo-2020-foto-casa-magalh\u00e3es-1-634x800.jpg\" alt=\"\" class=\"wp-image-7049\" width=\"317\" height=\"400\"\/><\/figure><\/div>\n\n\n\n<p><\/p>\n\n\n\n<p class=\"has-normal-font-size\">J\u00e1 tendo palestrado em 16 edi\u00e7\u00f5es da NRF, Alberto Serrentino foi o primeiro palestrante do Cen\u00e1rios do Varejo de 2020. Trazendo o tema: \u201cTransforma\u00e7\u00e3o do Varejo\u201d,&nbsp; os t\u00f3picos abordados foram:<br><br><\/p>\n\n\n\n<ul class=\"wp-block-list\"><li>Nova dimens\u00e3o para tecnologia e dados<\/li><li>Novo papel da loja<\/li><li>Evolu\u00e7\u00e3o dos modelos de neg\u00f3cio<\/li><li>Desafios da lideran\u00e7a<\/li><\/ul>\n\n\n\n<p><\/p>\n\n\n\n<p class=\"has-normal-font-size\">De acordo com Serrentino, a <a href=\"https:\/\/www.casamagalhaes.com.br\/blog\/tecnologia\/tecnologia-no-varejo\/\" target=\"_blank\" rel=\"noreferrer noopener\" aria-label=\"transforma\u00e7\u00e3o no varejo (abre numa nova aba)\">transforma\u00e7\u00e3o no varejo<\/a> parte do princ\u00edpio de que o consumidor est\u00e1 mudando radicalmente e que essa mudan\u00e7a \u00e9 gra\u00e7as a transforma\u00e7\u00e3o digital.&nbsp;<br><\/p>\n\n\n\n<p class=\"has-normal-font-size\">Diante desse cen\u00e1rio a ang\u00fastia \u00e9 geral entre os varejistas, pois sabemos que n\u00e3o somos r\u00e1pidos o suficiente para acompanhar esse processo de transi\u00e7\u00e3o.<br><\/p>\n\n\n\n<p class=\"has-normal-font-size\">H\u00e1 alguns anos, a tecnologia parecia algo muito distante, hoje seu acesso est\u00e1 mais facilitado e com isso tem provocado 2 grandes explos\u00f5es:<br><\/p>\n\n\n\n<h3 class=\"wp-block-heading\"><strong>1\u00b0 Volume imenso de dados gerados<\/strong><\/h3>\n\n\n\n<p class=\"has-normal-font-size\">Estrutura e melhora os processos de decis\u00e3o da empresa. Manuseando da maneira correta, os dados s\u00e3o uma ferramenta fundamental para deixar mais eficiente o di\u00e1logo da empresa com o cliente.&nbsp;<br><\/p>\n\n\n\n<h3 class=\"wp-block-heading\"><strong>2\u00b0 O mundo est\u00e1 migrando pra tecnologia em nuvem<\/strong><\/h3>\n\n\n\n<p class=\"has-normal-font-size\">O que isso significa?<br><\/p>\n\n\n\n<p class=\"has-normal-font-size\">A tecnologia era um produto, e para ser incorporada demandava investimento, isso s\u00f3 conseguia ser suportado por quem tivesse escala e recursos para financi\u00e1-lo.<br><\/p>\n\n\n\n<p class=\"has-normal-font-size\">Com a evolu\u00e7\u00e3o, ela deixou de ser um produto e passou a ser um servi\u00e7o ningu\u00e9m mais compra&nbsp; tecnologia, voc\u00ea paga por uso. O que isso provocou?<br><\/p>\n\n\n\n<p class=\"has-normal-font-size\"><strong>Uma democratiza\u00e7\u00e3o brutal no acesso \u00e0 tecnologia!<br><\/strong><\/p>\n\n\n\n<p class=\"has-normal-font-size\">No passado, as empresas grandes tinham uma grande <a rel=\"noreferrer noopener\" aria-label=\"vantagem competitiva  (abre numa nova aba)\" href=\"https:\/\/www.casamagalhaes.com.br\/blog\/supermercado\/analisar-os-concorrentes-do-supermercado\/\" target=\"_blank\">vantagem competitiva <\/a>em conseguir ter escala para investir em tecnologia e modernizar o seu neg\u00f3cio, hoje \u00e9 ao contr\u00e1rio. Quanto maior a empresa, maior a complexidade e&nbsp; dificuldade de fazer a inova\u00e7\u00e3o acontecer.<br><\/p>\n\n\n\n<p class=\"has-normal-font-size\">Diante de tudo isso, Alberto questiona: Qual segredo das novas empresas que tem se transformado em grandes concorrentes das que j\u00e1 est\u00e3o estabelecidas no mercado?&nbsp;<br><\/p>\n\n\n\n<p class=\"has-normal-font-size\">Sua resposta para essa pergunta \u00e9: elas nascem mais leves e com uma tecnologia muitas vezes mais modernas.<br><\/p>\n\n\n\n<p class=\"has-normal-font-size\">Olhe agora para sua loja, isso \u00e9, se voc\u00ea estiver nela, se n\u00e3o, feche os olhos e a visualize:<br><\/p>\n\n\n\n<p class=\"has-normal-font-size\">Quais problemas precisam ser solucionados com urg\u00eancia?<br><\/p>\n\n\n\n<p class=\"has-normal-font-size\">Filas grandes, atendimento demorado, erros no fechamento de caixa, <a href=\"https:\/\/www.casamagalhaes.com.br\/blog\/supermercado-e-varejo\/o-que-e-ruptura-de-estoque\/\" target=\"_blank\" rel=\"noreferrer noopener\" aria-label=\"ruptura de estoque (abre numa nova aba)\">ruptura de estoque<\/a>, mercadoria encalhada&#8230;<\/p>\n\n\n\n<p class=\"has-normal-font-size\">Enfim, independente do que seja, para cada uma das op\u00e7\u00f5es que voc\u00ea lembrou, h\u00e1 uma solu\u00e7\u00e3o, a <a rel=\"noreferrer noopener\" aria-label=\"automa\u00e7\u00e3o comercia (abre numa nova aba)\" href=\"https:\/\/www.casamagalhaes.com.br\/blog\/automacao-comercial\/investir-em-automacao-comercial\/\" target=\"_blank\">automa\u00e7\u00e3o comercia<\/a>l \u00e9 um recurso indispens\u00e1vel para otimizar cada um.<\/p>\n\n\n\n<p><\/p>\n\n\n\n<p><\/p>\n\n\n\n<h4 class=\"has-text-align-center wp-block-heading\"><strong>Leia tamb\u00e9m: <a rel=\"noreferrer noopener\" aria-label=\"Vale a pena investir na tecnologia em nuvem? (abre numa nova aba)\" href=\"https:\/\/www.casamagalhaes.com.br\/blog\/tecnologia\/quando-investir-em-computacao-na-nuvem\/\" target=\"_blank\">Vale a pena investir na tecnologia em nuvem?<\/a><\/strong><\/h4>\n\n\n\n<p><\/p>\n\n\n\n<p><\/p>\n\n\n\n<h4 class=\"wp-block-heading\"><strong>As lojas f\u00edsicas v\u00e3o morrer?<\/strong><br><\/h4>\n\n\n\n<p class=\"has-normal-font-size\">N\u00e3o, mas elas v\u00e3o ter que mudar!<\/p>\n\n\n\n<p class=\"has-normal-font-size\">Voc\u00ea varejista, \u00e9 capaz de <strong>gerar valor ao seu consumidor<\/strong>? Ou seja, ao entrar na sua loja ele se sente realmente importante a ponto de se tornar seu fiel divulgador?<br><\/p>\n\n\n\n<p class=\"has-normal-font-size\">Se voc\u00ea n\u00e3o se importa com isso, preciso lhe dizer que se n\u00e3o come\u00e7ar a entender seu cliente, o concorrente vai capturar sua aten\u00e7\u00e3o, por isso, m\u00e3os a obra!<br><\/p>\n\n\n\n<h2 class=\"wp-block-heading\"><span class=\"ez-toc-section\" id=\"Cenarios_do_Varejo_A_Transformacao_digital_nos_negocios\"><\/span><strong>Cen\u00e1rios do Varejo: A Transforma\u00e7\u00e3o digital nos neg\u00f3cios<\/strong><span class=\"ez-toc-section-end\"><\/span><\/h2>\n\n\n\n<p><\/p>\n\n\n\n<div class=\"wp-block-image\"><figure class=\"aligncenter size-large is-resized\"><img loading=\"lazy\" decoding=\"async\" src=\"https:\/\/www.casamagalhaes.com.br\/blog\/wp-content\/uploads\/2020\/03\/cenarios-do-vrejo-martha-gabriel-1-800x560.jpg\" alt=\"Cen\u00e1rios do Varejo 2020 - Martha Gabriel\" class=\"wp-image-7052\" width=\"600\" height=\"420\"\/><\/figure><\/div>\n\n\n\n<p><\/p>\n\n\n\n<p class=\"has-normal-font-size\">Martha Gabriel foi a segunda palestrante da tarde, com o tema &#8220;Transforma\u00e7\u00e3o digital nos neg\u00f3cios&#8221;.<br><\/p>\n\n\n\n<p class=\"has-normal-font-size\">Uma das principais pensadoras digitais do Brasil, mostrou como a tecnologia tem mudado a forma de trabalhar ao longo do tempo. Basta voltarmos um pouco ao tempo, ser\u00e1 que uns 40 anos atr\u00e1s, o seu Z\u00e9 e a dona Maria, sonhavam que um dia iriam poder ter em sua mercearia um sistema que os ajudassem na gest\u00e3o da sua empresa?<br><\/p>\n\n\n\n<p class=\"has-normal-font-size\">Hoje, seu Z\u00e9 e a dona Maria, podem at\u00e9 n\u00e3o ter um <a rel=\"noreferrer noopener\" aria-label=\"software em sua loja (abre numa nova aba)\" href=\"https:\/\/www.casamagalhaes.com.br\/blog\/supermercado\/como-escolher-sistema-para-supermercado\/\" target=\"_blank\">software em sua loja<\/a>, mas eles sabem que existe. Por\u00e9m, ao n\u00e3o abra\u00e7ar a tecnologia, eles deixam de lado grandes oportunidades, pois ela \u00e9 a base da competitividade, e n\u00e3o importa se eles tem os melhores funcion\u00e1rios em seu com\u00e9rcio, sem a tecnologia correta eles n\u00e3o saem do lugar.<br><\/p>\n\n\n\n<p style=\"font-size:18px\">Mas o que \u00e9 preciso fazer para entrar em movimento?<br><\/p>\n\n\n\n<p class=\"has-normal-font-size\">Aqui vai o conselho da Martha; Se voc\u00ea n\u00e3o se desapegar do que faz hoje, n\u00e3o vai conseguir fazer o que \u00e9 preciso amanh\u00e3. Ou seja, <strong>\u00e9 necess\u00e1rio descobrir novas oportunidades para criar solu\u00e7\u00f5es<\/strong>.<br><\/p>\n\n\n\n<p class=\"has-normal-font-size\">Depois de ler todo esse conte\u00fado, de novo te pergunto novamente: Varejo e inova\u00e7\u00e3o s\u00e3o palavras completamente opostas ou andam juntas?<br><\/p>\n\n\n\n<p class=\"has-normal-font-size\">Elas andam juntas, mas para acontecer, \u00e9 preciso que voc\u00ea se abra para se reinventar.<\/p>\n\n\n\n<p class=\"has-normal-font-size\">Quer ajuda para fazer a inova\u00e7\u00e3o da sua empresa acontecer?<\/p>\n\n\n\n<p class=\"has-normal-font-size\">Assine nossa Newsletter, preenchendo o formul\u00e1rio abaixo para receber nossos melhores conte\u00fados em seu e-mail.<br><\/p>\n\n\n\n<p style=\"font-size:17px\">Ate a pr\u00f3xima! \ud83d\ude09<br><\/p>\n\n\n\n<div role=\"main\" id=\"cta-rodape-post-blog-cadastro-newsletter-5225678ea3f96bcfaa68\"><\/div>\n<script type=\"text\/javascript\" src=\"https:\/\/d335luupugsy2.cloudfront.net\/js\/rdstation-forms\/stable\/rdstation-forms.min.js\"><\/script>\n<script type=\"text\/javascript\">\n  new RDStationForms('cta-rodape-post-blog-cadastro-newsletter-5225678ea3f96bcfaa68-html', 'UA-45095125-1').createForm();\n<\/script>\n\n\n\n<pre class=\"wp-block-preformatted\"><\/pre>\n\n\n\n<h2 class=\"wp-block-heading\"><br><\/h2>\n\n\n\n<h2 class=\"wp-block-heading\"><br><\/h2>\n","protected":false},"excerpt":{"rendered":"<p>Com o tema: &#8220;Inova\u00e7\u00e3o, as novas tend\u00eancias do varejo global&#8221;,o Cen\u00e1rios do Varejo trouxe v\u00e1rios insights do maior evento de varejo do mundo.Leia e descubra!<\/p>\n","protected":false},"author":3,"featured_media":7044,"comment_status":"open","ping_status":"open","sticky":false,"template":"","format":"standard","meta":{"_acf_changed":false,"episode_type":"","audio_file":"","podmotor_file_id":"","podmotor_episode_id":"","cover_image":"","cover_image_id":"","duration":"","filesize":"","filesize_raw":"","date_recorded":"","explicit":"","block":"","itunes_episode_number":"","itunes_title":"","itunes_season_number":"","itunes_episode_type":"","ngg_post_thumbnail":0,"footnotes":""},"categories":[1],"tags":[208,215],"class_list":["post-7035","post","type-post","status-publish","format-standard","has-post-thumbnail","hentry","category-noticias","tag-noticias","tag-varejo"],"acf":[],"yoast_head":"<!-- This site is optimized with the Yoast SEO plugin v27.5 - https:\/\/yoast.com\/product\/yoast-seo-wordpress\/ -->\n<title>Cen\u00e1rios do Varejo 2020 e as Inova\u00e7\u00f5es do setor varejista<\/title>\n<meta name=\"description\" content=\"Com o tema: &quot;Inova\u00e7\u00e3o, as novas tend\u00eancias do varejo global&quot;,o Cen\u00e1rios do Varejo trouxe v\u00e1rios insights do maior evento de varejo do mundo.Leia e descubra!\" \/>\n<meta name=\"robots\" content=\"index, follow, max-snippet:-1, max-image-preview:large, max-video-preview:-1\" \/>\n<link rel=\"canonical\" href=\"https:\/\/www.casamagalhaes.com.br\/blog\/noticias\/cenarios-do-varejo\/\" \/>\n<meta property=\"og:locale\" content=\"pt_BR\" \/>\n<meta property=\"og:type\" content=\"article\" \/>\n<meta property=\"og:title\" content=\"Cen\u00e1rios do Varejo 2020 e as Inova\u00e7\u00f5es do setor varejista\" \/>\n<meta property=\"og:description\" content=\"Com o tema: &quot;Inova\u00e7\u00e3o, as novas tend\u00eancias do varejo global&quot;,o Cen\u00e1rios do Varejo trouxe v\u00e1rios insights do maior evento de varejo do mundo.Leia e descubra!\" \/>\n<meta property=\"og:url\" content=\"https:\/\/www.casamagalhaes.com.br\/blog\/noticias\/cenarios-do-varejo\/\" \/>\n<meta property=\"og:site_name\" content=\"Blog da Casa Magalh\u00e3es\" \/>\n<meta property=\"article:published_time\" content=\"2020-03-12T13:18:31+00:00\" \/>\n<meta property=\"article:modified_time\" content=\"2020-03-12T17:14:48+00:00\" \/>\n<meta property=\"og:image\" content=\"https:\/\/www.casamagalhaes.com.br\/blog\/wp-content\/uploads\/2020\/03\/cenarios-do-varejo-2020-casa-magalh\u00e3es-1-1.png\" \/>\n\t<meta property=\"og:image:width\" content=\"845\" \/>\n\t<meta property=\"og:image:height\" content=\"549\" \/>\n\t<meta property=\"og:image:type\" content=\"image\/png\" \/>\n<meta name=\"author\" content=\"Casa Magalh\u00e3es\" \/>\n<meta name=\"twitter:card\" content=\"summary_large_image\" \/>\n<meta name=\"twitter:label1\" content=\"Escrito por\" \/>\n\t<meta name=\"twitter:data1\" content=\"Casa Magalh\u00e3es\" \/>\n\t<meta name=\"twitter:label2\" content=\"Est. tempo de leitura\" \/>\n\t<meta name=\"twitter:data2\" content=\"5 minutos\" \/>\n<script type=\"application\/ld+json\" class=\"yoast-schema-graph\">{\"@context\":\"https:\\\/\\\/schema.org\",\"@graph\":[{\"@type\":\"Article\",\"@id\":\"https:\\\/\\\/www.casamagalhaes.com.br\\\/blog\\\/noticias\\\/cenarios-do-varejo\\\/#article\",\"isPartOf\":{\"@id\":\"https:\\\/\\\/www.casamagalhaes.com.br\\\/blog\\\/noticias\\\/cenarios-do-varejo\\\/\"},\"author\":{\"name\":\"Casa Magalh\u00e3es\",\"@id\":\"https:\\\/\\\/www.casamagalhaes.com.br\\\/blog\\\/#\\\/schema\\\/person\\\/56c892544a618f4fc2031b11e7b05831\"},\"headline\":\"Cen\u00e1rios do Varejo 2020 e as Inova\u00e7\u00f5es do setor varejista\",\"datePublished\":\"2020-03-12T13:18:31+00:00\",\"dateModified\":\"2020-03-12T17:14:48+00:00\",\"mainEntityOfPage\":{\"@id\":\"https:\\\/\\\/www.casamagalhaes.com.br\\\/blog\\\/noticias\\\/cenarios-do-varejo\\\/\"},\"wordCount\":985,\"commentCount\":0,\"image\":{\"@id\":\"https:\\\/\\\/www.casamagalhaes.com.br\\\/blog\\\/noticias\\\/cenarios-do-varejo\\\/#primaryimage\"},\"thumbnailUrl\":\"https:\\\/\\\/www.casamagalhaes.com.br\\\/blog\\\/wp-content\\\/uploads\\\/2020\\\/03\\\/cenarios-do-varejo-2020-casa-magalh\u00e3es-1-1.png\",\"keywords\":[\"Not\u00edcias\",\"Varejo\"],\"articleSection\":[\"Not\u00edcias\"],\"inLanguage\":\"pt-BR\",\"potentialAction\":[{\"@type\":\"CommentAction\",\"name\":\"Comment\",\"target\":[\"https:\\\/\\\/www.casamagalhaes.com.br\\\/blog\\\/noticias\\\/cenarios-do-varejo\\\/#respond\"]}]},{\"@type\":\"WebPage\",\"@id\":\"https:\\\/\\\/www.casamagalhaes.com.br\\\/blog\\\/noticias\\\/cenarios-do-varejo\\\/\",\"url\":\"https:\\\/\\\/www.casamagalhaes.com.br\\\/blog\\\/noticias\\\/cenarios-do-varejo\\\/\",\"name\":\"Cen\u00e1rios do Varejo 2020 e as Inova\u00e7\u00f5es do setor varejista\",\"isPartOf\":{\"@id\":\"https:\\\/\\\/www.casamagalhaes.com.br\\\/blog\\\/#website\"},\"primaryImageOfPage\":{\"@id\":\"https:\\\/\\\/www.casamagalhaes.com.br\\\/blog\\\/noticias\\\/cenarios-do-varejo\\\/#primaryimage\"},\"image\":{\"@id\":\"https:\\\/\\\/www.casamagalhaes.com.br\\\/blog\\\/noticias\\\/cenarios-do-varejo\\\/#primaryimage\"},\"thumbnailUrl\":\"https:\\\/\\\/www.casamagalhaes.com.br\\\/blog\\\/wp-content\\\/uploads\\\/2020\\\/03\\\/cenarios-do-varejo-2020-casa-magalh\u00e3es-1-1.png\",\"datePublished\":\"2020-03-12T13:18:31+00:00\",\"dateModified\":\"2020-03-12T17:14:48+00:00\",\"author\":{\"@id\":\"https:\\\/\\\/www.casamagalhaes.com.br\\\/blog\\\/#\\\/schema\\\/person\\\/56c892544a618f4fc2031b11e7b05831\"},\"description\":\"Com o tema: \\\"Inova\u00e7\u00e3o, as novas tend\u00eancias do varejo global\\\",o Cen\u00e1rios do Varejo trouxe v\u00e1rios insights do maior evento de varejo do mundo.Leia e descubra!\",\"breadcrumb\":{\"@id\":\"https:\\\/\\\/www.casamagalhaes.com.br\\\/blog\\\/noticias\\\/cenarios-do-varejo\\\/#breadcrumb\"},\"inLanguage\":\"pt-BR\",\"potentialAction\":[{\"@type\":\"ReadAction\",\"target\":[\"https:\\\/\\\/www.casamagalhaes.com.br\\\/blog\\\/noticias\\\/cenarios-do-varejo\\\/\"]}]},{\"@type\":\"ImageObject\",\"inLanguage\":\"pt-BR\",\"@id\":\"https:\\\/\\\/www.casamagalhaes.com.br\\\/blog\\\/noticias\\\/cenarios-do-varejo\\\/#primaryimage\",\"url\":\"https:\\\/\\\/www.casamagalhaes.com.br\\\/blog\\\/wp-content\\\/uploads\\\/2020\\\/03\\\/cenarios-do-varejo-2020-casa-magalh\u00e3es-1-1.png\",\"contentUrl\":\"https:\\\/\\\/www.casamagalhaes.com.br\\\/blog\\\/wp-content\\\/uploads\\\/2020\\\/03\\\/cenarios-do-varejo-2020-casa-magalh\u00e3es-1-1.png\",\"width\":845,\"height\":549,\"caption\":\"Cen\u00e1rios do varejos 2020\"},{\"@type\":\"BreadcrumbList\",\"@id\":\"https:\\\/\\\/www.casamagalhaes.com.br\\\/blog\\\/noticias\\\/cenarios-do-varejo\\\/#breadcrumb\",\"itemListElement\":[{\"@type\":\"ListItem\",\"position\":1,\"name\":\"In\u00edcio\",\"item\":\"https:\\\/\\\/www.casamagalhaes.com.br\\\/blog\\\/\"},{\"@type\":\"ListItem\",\"position\":2,\"name\":\"Cen\u00e1rios do Varejo 2020 e as Inova\u00e7\u00f5es do setor varejista\"}]},{\"@type\":\"WebSite\",\"@id\":\"https:\\\/\\\/www.casamagalhaes.com.br\\\/blog\\\/#website\",\"url\":\"https:\\\/\\\/www.casamagalhaes.com.br\\\/blog\\\/\",\"name\":\"Blog da Casa Magalh\u00e3es\",\"description\":\"\",\"potentialAction\":[{\"@type\":\"SearchAction\",\"target\":{\"@type\":\"EntryPoint\",\"urlTemplate\":\"https:\\\/\\\/www.casamagalhaes.com.br\\\/blog\\\/?s={search_term_string}\"},\"query-input\":{\"@type\":\"PropertyValueSpecification\",\"valueRequired\":true,\"valueName\":\"search_term_string\"}}],\"inLanguage\":\"pt-BR\"},{\"@type\":\"Person\",\"@id\":\"https:\\\/\\\/www.casamagalhaes.com.br\\\/blog\\\/#\\\/schema\\\/person\\\/56c892544a618f4fc2031b11e7b05831\",\"name\":\"Casa Magalh\u00e3es\",\"description\":\"Somos um Grupo empresarial da ind\u00fastria de TI, refer\u00eancia no mercado nacional de automa\u00e7\u00e3o comercial desde 1966, composto por empresas que desenvolvem softwares integrados de gest\u00e3o empresarial e frente de loja. Possui atendimento comercial, implanta\u00e7\u00e3o e suporte em todas as capitais do Brasil atrav\u00e9s de uma ampla rede de parceiros credenciados.\",\"sameAs\":[\"http:\\\/\\\/www.casamagalhaes.com.br\",\"https:\\\/\\\/www.instagram.com\\\/grupocasamagalhaes\\\/?hl=pt-br\"]}]}<\/script>\n<!-- \/ Yoast SEO plugin. -->","yoast_head_json":{"title":"Cen\u00e1rios do Varejo 2020 e as Inova\u00e7\u00f5es do setor varejista","description":"Com o tema: \"Inova\u00e7\u00e3o, as novas tend\u00eancias do varejo global\",o Cen\u00e1rios do Varejo trouxe v\u00e1rios insights do maior evento de varejo do mundo.Leia e descubra!","robots":{"index":"index","follow":"follow","max-snippet":"max-snippet:-1","max-image-preview":"max-image-preview:large","max-video-preview":"max-video-preview:-1"},"canonical":"https:\/\/www.casamagalhaes.com.br\/blog\/noticias\/cenarios-do-varejo\/","og_locale":"pt_BR","og_type":"article","og_title":"Cen\u00e1rios do Varejo 2020 e as Inova\u00e7\u00f5es do setor varejista","og_description":"Com o tema: \"Inova\u00e7\u00e3o, as novas tend\u00eancias do varejo global\",o Cen\u00e1rios do Varejo trouxe v\u00e1rios insights do maior evento de varejo do mundo.Leia e descubra!","og_url":"https:\/\/www.casamagalhaes.com.br\/blog\/noticias\/cenarios-do-varejo\/","og_site_name":"Blog da Casa Magalh\u00e3es","article_published_time":"2020-03-12T13:18:31+00:00","article_modified_time":"2020-03-12T17:14:48+00:00","og_image":[{"width":845,"height":549,"url":"https:\/\/www.casamagalhaes.com.br\/blog\/wp-content\/uploads\/2020\/03\/cenarios-do-varejo-2020-casa-magalh\u00e3es-1-1.png","type":"image\/png"}],"author":"Casa Magalh\u00e3es","twitter_card":"summary_large_image","twitter_misc":{"Escrito por":"Casa Magalh\u00e3es","Est. tempo de leitura":"5 minutos"},"schema":{"@context":"https:\/\/schema.org","@graph":[{"@type":"Article","@id":"https:\/\/www.casamagalhaes.com.br\/blog\/noticias\/cenarios-do-varejo\/#article","isPartOf":{"@id":"https:\/\/www.casamagalhaes.com.br\/blog\/noticias\/cenarios-do-varejo\/"},"author":{"name":"Casa Magalh\u00e3es","@id":"https:\/\/www.casamagalhaes.com.br\/blog\/#\/schema\/person\/56c892544a618f4fc2031b11e7b05831"},"headline":"Cen\u00e1rios do Varejo 2020 e as Inova\u00e7\u00f5es do setor varejista","datePublished":"2020-03-12T13:18:31+00:00","dateModified":"2020-03-12T17:14:48+00:00","mainEntityOfPage":{"@id":"https:\/\/www.casamagalhaes.com.br\/blog\/noticias\/cenarios-do-varejo\/"},"wordCount":985,"commentCount":0,"image":{"@id":"https:\/\/www.casamagalhaes.com.br\/blog\/noticias\/cenarios-do-varejo\/#primaryimage"},"thumbnailUrl":"https:\/\/www.casamagalhaes.com.br\/blog\/wp-content\/uploads\/2020\/03\/cenarios-do-varejo-2020-casa-magalh\u00e3es-1-1.png","keywords":["Not\u00edcias","Varejo"],"articleSection":["Not\u00edcias"],"inLanguage":"pt-BR","potentialAction":[{"@type":"CommentAction","name":"Comment","target":["https:\/\/www.casamagalhaes.com.br\/blog\/noticias\/cenarios-do-varejo\/#respond"]}]},{"@type":"WebPage","@id":"https:\/\/www.casamagalhaes.com.br\/blog\/noticias\/cenarios-do-varejo\/","url":"https:\/\/www.casamagalhaes.com.br\/blog\/noticias\/cenarios-do-varejo\/","name":"Cen\u00e1rios do Varejo 2020 e as Inova\u00e7\u00f5es do setor varejista","isPartOf":{"@id":"https:\/\/www.casamagalhaes.com.br\/blog\/#website"},"primaryImageOfPage":{"@id":"https:\/\/www.casamagalhaes.com.br\/blog\/noticias\/cenarios-do-varejo\/#primaryimage"},"image":{"@id":"https:\/\/www.casamagalhaes.com.br\/blog\/noticias\/cenarios-do-varejo\/#primaryimage"},"thumbnailUrl":"https:\/\/www.casamagalhaes.com.br\/blog\/wp-content\/uploads\/2020\/03\/cenarios-do-varejo-2020-casa-magalh\u00e3es-1-1.png","datePublished":"2020-03-12T13:18:31+00:00","dateModified":"2020-03-12T17:14:48+00:00","author":{"@id":"https:\/\/www.casamagalhaes.com.br\/blog\/#\/schema\/person\/56c892544a618f4fc2031b11e7b05831"},"description":"Com o tema: \"Inova\u00e7\u00e3o, as novas tend\u00eancias do varejo global\",o Cen\u00e1rios do Varejo trouxe v\u00e1rios insights do maior evento de varejo do mundo.Leia e descubra!","breadcrumb":{"@id":"https:\/\/www.casamagalhaes.com.br\/blog\/noticias\/cenarios-do-varejo\/#breadcrumb"},"inLanguage":"pt-BR","potentialAction":[{"@type":"ReadAction","target":["https:\/\/www.casamagalhaes.com.br\/blog\/noticias\/cenarios-do-varejo\/"]}]},{"@type":"ImageObject","inLanguage":"pt-BR","@id":"https:\/\/www.casamagalhaes.com.br\/blog\/noticias\/cenarios-do-varejo\/#primaryimage","url":"https:\/\/www.casamagalhaes.com.br\/blog\/wp-content\/uploads\/2020\/03\/cenarios-do-varejo-2020-casa-magalh\u00e3es-1-1.png","contentUrl":"https:\/\/www.casamagalhaes.com.br\/blog\/wp-content\/uploads\/2020\/03\/cenarios-do-varejo-2020-casa-magalh\u00e3es-1-1.png","width":845,"height":549,"caption":"Cen\u00e1rios do varejos 2020"},{"@type":"BreadcrumbList","@id":"https:\/\/www.casamagalhaes.com.br\/blog\/noticias\/cenarios-do-varejo\/#breadcrumb","itemListElement":[{"@type":"ListItem","position":1,"name":"In\u00edcio","item":"https:\/\/www.casamagalhaes.com.br\/blog\/"},{"@type":"ListItem","position":2,"name":"Cen\u00e1rios do Varejo 2020 e as Inova\u00e7\u00f5es do setor varejista"}]},{"@type":"WebSite","@id":"https:\/\/www.casamagalhaes.com.br\/blog\/#website","url":"https:\/\/www.casamagalhaes.com.br\/blog\/","name":"Blog da Casa Magalh\u00e3es","description":"","potentialAction":[{"@type":"SearchAction","target":{"@type":"EntryPoint","urlTemplate":"https:\/\/www.casamagalhaes.com.br\/blog\/?s={search_term_string}"},"query-input":{"@type":"PropertyValueSpecification","valueRequired":true,"valueName":"search_term_string"}}],"inLanguage":"pt-BR"},{"@type":"Person","@id":"https:\/\/www.casamagalhaes.com.br\/blog\/#\/schema\/person\/56c892544a618f4fc2031b11e7b05831","name":"Casa Magalh\u00e3es","description":"Somos um Grupo empresarial da ind\u00fastria de TI, refer\u00eancia no mercado nacional de automa\u00e7\u00e3o comercial desde 1966, composto por empresas que desenvolvem softwares integrados de gest\u00e3o empresarial e frente de loja. Possui atendimento comercial, implanta\u00e7\u00e3o e suporte em todas as capitais do Brasil atrav\u00e9s de uma ampla rede de parceiros credenciados.","sameAs":["http:\/\/www.casamagalhaes.com.br","https:\/\/www.instagram.com\/grupocasamagalhaes\/?hl=pt-br"]}]}},"_links":{"self":[{"href":"https:\/\/www.casamagalhaes.com.br\/blog\/wp-json\/wp\/v2\/posts\/7035","targetHints":{"allow":["GET"]}}],"collection":[{"href":"https:\/\/www.casamagalhaes.com.br\/blog\/wp-json\/wp\/v2\/posts"}],"about":[{"href":"https:\/\/www.casamagalhaes.com.br\/blog\/wp-json\/wp\/v2\/types\/post"}],"author":[{"embeddable":true,"href":"https:\/\/www.casamagalhaes.com.br\/blog\/wp-json\/wp\/v2\/users\/3"}],"replies":[{"embeddable":true,"href":"https:\/\/www.casamagalhaes.com.br\/blog\/wp-json\/wp\/v2\/comments?post=7035"}],"version-history":[{"count":20,"href":"https:\/\/www.casamagalhaes.com.br\/blog\/wp-json\/wp\/v2\/posts\/7035\/revisions"}],"predecessor-version":[{"id":7067,"href":"https:\/\/www.casamagalhaes.com.br\/blog\/wp-json\/wp\/v2\/posts\/7035\/revisions\/7067"}],"wp:featuredmedia":[{"embeddable":true,"href":"https:\/\/www.casamagalhaes.com.br\/blog\/wp-json\/wp\/v2\/media\/7044"}],"wp:attachment":[{"href":"https:\/\/www.casamagalhaes.com.br\/blog\/wp-json\/wp\/v2\/media?parent=7035"}],"wp:term":[{"taxonomy":"category","embeddable":true,"href":"https:\/\/www.casamagalhaes.com.br\/blog\/wp-json\/wp\/v2\/categories?post=7035"},{"taxonomy":"post_tag","embeddable":true,"href":"https:\/\/www.casamagalhaes.com.br\/blog\/wp-json\/wp\/v2\/tags?post=7035"}],"curies":[{"name":"wp","href":"https:\/\/api.w.org\/{rel}","templated":true}]}}