{"id":6258,"date":"2019-08-19T22:13:47","date_gmt":"2019-08-20T01:13:47","guid":{"rendered":"https:\/\/www.casamagalhaes.com.br\/blog\/?p=6258"},"modified":"2019-08-28T09:26:54","modified_gmt":"2019-08-28T12:26:54","slug":"semana-do-brasil","status":"publish","type":"post","link":"https:\/\/www.casamagalhaes.com.br\/blog\/varejo\/semana-do-brasil\/","title":{"rendered":"Semana do Brasil: Saiba tudo sobre a nova black friday brasileira"},"content":{"rendered":"\n<p class=\"has-normal-font-size\">Movimentar a economia, estimular o turismo interno, s\u00e3o esses os\u00a0 objetivos da nova campanha idealizada pelo Governo Federal, chamada Semana do Brasil.<br><\/p>\n\n\n\n<p class=\"has-normal-font-size\">Intitulada por alguns sites de not\u00edcias como a nova<em><a href=\"https:\/\/www.casamagalhaes.com.br\/blog\/vendas\/como-se-preparar-para-black-friday\/\" target=\"_blank\" rel=\"noreferrer noopener\" aria-label=\" (abre numa nova aba)\"> black friday<\/a><\/em> brasileira, a Semana do Brasil acontecer\u00e1 nos dias 6 a 15 de setembro, uma data experimental que dever\u00e1 se tornar uma fixa no calend\u00e1rio nacional.<br><\/p>\n\n\n\n<p class=\"has-normal-font-size\">Mas qual \u00e9 a sua real import\u00e2ncia para o varejista? Como aproveitar a Semana do Brasil para atrair e <a href=\"https:\/\/www.casamagalhaes.com.br\/blog\/marketing\/7-estrategias-para-fidelizar-clientes\/\" target=\"_blank\" rel=\"noreferrer noopener\" aria-label=\"fidelizar clientes (abre numa nova aba)\">fidelizar clientes<\/a>, e vender mais em seu com\u00e9rcio? No decorrer desse conte\u00fado tirarei todas suas d\u00favidas, por isso continue conosco e boa leitura!<\/p>\n\n\n\n<div id=\"ez-toc-container\" class=\"ez-toc-v2_0_82_2 counter-hierarchy ez-toc-counter ez-toc-light-blue ez-toc-container-direction\">\n<div class=\"ez-toc-title-container\">\n<p class=\"ez-toc-title\" style=\"cursor:inherit\">Navegue pelo conte\u00fado<\/p>\n<span class=\"ez-toc-title-toggle\"><a href=\"#\" class=\"ez-toc-pull-right ez-toc-btn ez-toc-btn-xs ez-toc-btn-default ez-toc-toggle\" aria-label=\"Alternar tabela de conte\u00fado\"><span class=\"ez-toc-js-icon-con\"><span class=\"\"><span class=\"eztoc-hide\" style=\"display:none;\">Toggle<\/span><span class=\"ez-toc-icon-toggle-span\"><svg style=\"fill: #999;color:#999\" xmlns=\"http:\/\/www.w3.org\/2000\/svg\" class=\"list-377408\" width=\"20px\" height=\"20px\" viewBox=\"0 0 24 24\" fill=\"none\"><path d=\"M6 6H4v2h2V6zm14 0H8v2h12V6zM4 11h2v2H4v-2zm16 0H8v2h12v-2zM4 16h2v2H4v-2zm16 0H8v2h12v-2z\" fill=\"currentColor\"><\/path><\/svg><svg style=\"fill: #999;color:#999\" class=\"arrow-unsorted-368013\" xmlns=\"http:\/\/www.w3.org\/2000\/svg\" width=\"10px\" height=\"10px\" viewBox=\"0 0 24 24\" version=\"1.2\" baseProfile=\"tiny\"><path d=\"M18.2 9.3l-6.2-6.3-6.2 6.3c-.2.2-.3.4-.3.7s.1.5.3.7c.2.2.4.3.7.3h11c.3 0 .5-.1.7-.3.2-.2.3-.5.3-.7s-.1-.5-.3-.7zM5.8 14.7l6.2 6.3 6.2-6.3c.2-.2.3-.5.3-.7s-.1-.5-.3-.7c-.2-.2-.4-.3-.7-.3h-11c-.3 0-.5.1-.7.3-.2.2-.3.5-.3.7s.1.5.3.7z\"\/><\/svg><\/span><\/span><\/span><\/a><\/span><\/div>\n<nav><ul class='ez-toc-list ez-toc-list-level-1 ' ><li class='ez-toc-page-1 ez-toc-heading-level-2'><a class=\"ez-toc-link ez-toc-heading-1\" href=\"https:\/\/www.casamagalhaes.com.br\/blog\/varejo\/semana-do-brasil\/#O_que_e_a_Semana_do_Brasil\" >O que \u00e9 a Semana do Brasil?<\/a><\/li><li class='ez-toc-page-1 ez-toc-heading-level-2'><a class=\"ez-toc-link ez-toc-heading-2\" href=\"https:\/\/www.casamagalhaes.com.br\/blog\/varejo\/semana-do-brasil\/#Qual_a_importancia_da_semana_do_Brasil_pro_varejista\" >Qual a import\u00e2ncia da semana do Brasil pro varejista?<\/a><\/li><li class='ez-toc-page-1 ez-toc-heading-level-2'><a class=\"ez-toc-link ez-toc-heading-3\" href=\"https:\/\/www.casamagalhaes.com.br\/blog\/varejo\/semana-do-brasil\/#Como_participar_da_Semana_do_Brasil\" >Como participar da Semana do Brasil?<\/a><\/li><li class='ez-toc-page-1 ez-toc-heading-level-2'><a class=\"ez-toc-link ez-toc-heading-4\" href=\"https:\/\/www.casamagalhaes.com.br\/blog\/varejo\/semana-do-brasil\/#Como_vender_mais_na_Semana_do_Brasil\" >Como vender mais na Semana do Brasil?<\/a><\/li><\/ul><\/nav><\/div>\n<h2 class=\"wp-block-heading\" style=\"text-align:left\"><span class=\"ez-toc-section\" id=\"O_que_e_a_Semana_do_Brasil\"><\/span><strong>O que \u00e9 a Semana do Brasil?<\/strong><br><span class=\"ez-toc-section-end\"><\/span><\/h2>\n\n\n\n<p class=\"has-normal-font-size\">\u00c9 uma iniciativa do Governo Federal em parceria com institui\u00e7\u00f5es privadas, que visa incentivar o consumo e estimular a economia brasileira no m\u00eas em que \u00e9 comemorada a independ\u00eancia do pa\u00eds.&nbsp;<br><\/p>\n\n\n\n<p class=\"has-normal-font-size\">\u00c9 uma a\u00e7\u00e3o estrat\u00e9gica, que est\u00e1 sendo coordenada pela Secretaria Especial de Comunica\u00e7\u00e3o Social da Presid\u00eancia da Rep\u00fablica (Secom), pois setembro \u00e9 considerado um m\u00eas fraco para o varejo, por isso visasse utilizar-se de uma importante comemora\u00e7\u00e3o para transform\u00e1-lo em um per\u00edodo de descontos e consequentemente de grandes lucros para o varejista.<br><\/p>\n\n\n\n<blockquote class=\"wp-block-quote is-style-default is-layout-flow wp-block-quote-is-layout-flow\"><p>\u201cA iniciativa foi inspirada no varejo de outros pa\u00edses, que costuma realizar promo\u00e7\u00f5es em feriados nacionais hist\u00f3ricos. O objetivo principal \u00e9 gerar uma mobiliza\u00e7\u00e3o nacional e criar uma percep\u00e7\u00e3o de uni\u00e3o na sociedade.\u201d (<a rel=\"noreferrer noopener\" aria-label=\" (abre numa nova aba)\" href=\"http:\/\/www.turismo.gov.br\/%C3%BAltimas-not%C3%ADcias\/12862-campanha-do-governo-federal-pretende-movimentar-economia-e-fortalecer-patriotismo.html\" target=\"_blank\">Fonte<\/a>)<\/p><\/blockquote>\n\n\n\n<h2 class=\"wp-block-heading\" style=\"text-align:left\"><span class=\"ez-toc-section\" id=\"Qual_a_importancia_da_semana_do_Brasil_pro_varejista\"><\/span><strong>Qual a import\u00e2ncia da semana do Brasil pro varejista?<\/strong><br><span class=\"ez-toc-section-end\"><\/span><\/h2>\n\n\n\n<p class=\"has-normal-font-size\">A Semana do Brasil n\u00e3o vai substituir a <em>black friday<\/em> original, ser\u00e1 uma op\u00e7\u00e3o a mais, como dito anteriormente, para incentivar o consumo e movimentar a economia.&nbsp;<br><\/p>\n\n\n\n<p class=\"has-normal-font-size\">Por estar sendo considerada uma nova <em>black friday<\/em>, vale a pena ressaltar que esse evento se consolidou como a 2\u00b0 melhor data do varejo. Segundo a <a href=\"https:\/\/www.nielsen.com\/br\/pt\/insights\/article\/2018\/ebit-nielsen-e-commerce-fatura-2-6-bilhoes-alta-de-23-por-cento-na-black-friday-em-2018\/\" target=\"_blank\" rel=\"noreferrer noopener\" aria-label=\" (abre numa nova aba)\">Nielsen<\/a>. em 2018 s\u00f3 o varejo online faturou R$ 2.6 bilh\u00f5es, foi uma alta de 23% em rela\u00e7\u00e3o ao ano anterior.&nbsp;<\/p>\n\n\n\n<p class=\"has-normal-font-size\">S\u00e3o milhares de consumidores que todos os anos se preparam para conseguir bons descontos em suas compras nesse per\u00edodo.<br><\/p>\n\n\n\n<p class=\"has-normal-font-size\">J\u00e1 a Semana do Brasil ter\u00e1 como trunfo para setembro a libera\u00e7\u00e3o de R$ 500,00 de contas ativas e inativas do FGTS dispon\u00edvel para 106 milh\u00f5es de brasileiros, o que pode injetar at\u00e9 R$ 30 bilh\u00f5es na economia conforme mat\u00e9ria publicada pela <a href=\"https:\/\/www.infomoney.com.br\/minhas-financas\/consumo\/noticia\/8620250\/nova-black-friday-em-setembro-deve-aproveitar-fgts-e-chacoalhar-o-varejo\" target=\"_blank\" rel=\"noreferrer noopener\" aria-label=\" (abre numa nova aba)\">Infomoney<\/a>. A mesma reportagem diz que o governo poder\u00e1 reduzir ou isentar a cobran\u00e7a de impostos e eletrodom\u00e9sticos nesse mesmo per\u00edodo, 6 a 15 de setembro.<br><\/p>\n\n\n\n<p class=\"has-normal-font-size\">Al\u00e9m de gerar novas vendas e aumentar os lucros da empresa, o varejista poder\u00e1 aproveitar a semana do Brasil para elaborar estrat\u00e9gias de atra\u00e7\u00e3o e fideliza\u00e7\u00e3o de clientes.&nbsp;<\/p>\n\n\n\n<figure class=\"wp-block-pullquote\"><blockquote><p>\u201cCom esta campanha, haver\u00e1 incremento de consumo no m\u00eas de setembro, que ser\u00e1 ben\u00e9fico para as empresas envolvidas nela e, principalmente, para os consumidores. Estamos mobilizando os diferentes segmentos do varejo, com\u00e9rcio e servi\u00e7os para buscar as melhores formas de viabilizar as a\u00e7\u00f5es promocionais, tornando, assim, este evento permanente, fazendo parte do calend\u00e1rio anual. E, para isso, o engajamento do varejo \u00e9 fundamental.\u201d (<a rel=\"noreferrer noopener\" aria-label=\" (abre numa nova aba)\" href=\"https:\/\/www.facebook.com\/notes\/idv-instituto-para-desenvolvimento-do-varejo\/semana-do-brasil-ser%C3%A1-realizada-de-6-a-15-de-setembro\/2446463385438100\/\" target=\"_blank\">Marcelo Silva<\/a>)<\/p><\/blockquote><\/figure>\n\n\n\n<h2 class=\"wp-block-heading\" style=\"text-align:left\"><span class=\"ez-toc-section\" id=\"Como_participar_da_Semana_do_Brasil\"><\/span><strong>Como<\/strong> <strong>participar da Semana do Brasil?<\/strong><br><span class=\"ez-toc-section-end\"><\/span><\/h2>\n\n\n\n<p class=\"has-normal-font-size\">Os empres\u00e1rios que desejarem fazer parte dessa campanha deve acessar o <a href=\"http:\/\/www.brasil.gov.br\/semanadobrasil\/\" target=\"_blank\" rel=\"noreferrer noopener\" aria-label=\" (abre numa nova aba)\">site oficial<\/a> e realizar seu&nbsp; cadastro.<\/p>\n\n\n\n<p class=\"has-normal-font-size\">Ap\u00f3s efetuar sua inscri\u00e7\u00e3o receber\u00e1 um material para divulga\u00e7\u00e3o f\u00edsica e virtual.<br><\/p>\n\n\n\n<p class=\"has-normal-font-size\">Empresas de todos os tamanhos e setores podem participar da <em>black friday<\/em> brasileira.<br><\/p>\n\n\n\n<p class=\"has-normal-font-size\">Al\u00e9m do apoio e da divulga\u00e7\u00e3o do Governo Federal, quem aderir \u00e0 Semana do Brasil, ter\u00e1 descontos especiais em an\u00fancios nos ve\u00edculos de comunica\u00e7\u00e3o, segundo nota divulgada pelo <a rel=\"noreferrer noopener\" aria-label=\" (abre numa nova aba)\" href=\"https:\/\/www.facebook.com\/notes\/idv-instituto-para-desenvolvimento-do-varejo\/semana-do-brasil-ser%C3%A1-realizada-de-6-a-15-de-setembro\/2446463385438100\/\" target=\"_blank\">Instituto para Desenvolvimento do Varejo, IDV<\/a>.<br><\/p>\n\n\n\n<h2 class=\"wp-block-heading\" style=\"text-align:left\"><span class=\"ez-toc-section\" id=\"Como_vender_mais_na_Semana_do_Brasil\"><\/span><strong>Como vender mais na Semana do Brasil?<\/strong><br><span class=\"ez-toc-section-end\"><\/span><\/h2>\n\n\n\n<h3 class=\"wp-block-heading\">1\u00b0 Esteja atento as not\u00edcias<\/h3>\n\n\n\n<p class=\"has-normal-font-size\">Sei que o tempo \u00e9 curto e estamos a poucos dias de Setembro, por isso, se atualizar \u00e9 de suma import\u00e2ncia. Fique de olho no <a href=\"http:\/\/www.brasil.gov.br\/semanadobrasil\/\" target=\"_blank\" rel=\"noreferrer noopener\" aria-label=\" (abre numa nova aba)\">site oficial<\/a> do evento, no blog da Casa Magalh\u00e3es e nos ve\u00edculos de comunica\u00e7\u00e3o por ser algo que ainda est\u00e1 em processo de estrutura\u00e7\u00e3o muitas novidades v\u00e3o surgir.<br><\/p>\n\n\n\n<h3 class=\"wp-block-heading\">2\u00b0 Prepare-se para a black friday de 10 dias<\/h3>\n\n\n\n<p class=\"has-normal-font-size\">Sim, falta menos de um m\u00eas, por isso voc\u00ea precisa fazer uma \u201cfor\u00e7a-tarefa\u201d com seus funcion\u00e1rios para se organizar. Saber aproveitar as oportunidades \u00e9 essencial para o sucesso do seu neg\u00f3cio.<br><\/p>\n\n\n\n<p class=\"has-normal-font-size\">O primeiro passo \u00e9 identificar as prioridades, verifique o planejamento da sua empresa pra esse per\u00edodo e veja se existem a\u00e7\u00f5es que possam ser remanejadas para datas posteriores.<\/p>\n\n\n\n<p class=\"has-normal-font-size\">De prefer\u00eancia n\u00e3o o fa\u00e7a sozinho, junte sua equipe e os pe\u00e7a ajuda no desenvolvimento desse projeto.<br><\/p>\n\n\n\n<p class=\"has-normal-font-size\">Reavalie o que foi feito em sua loja nos \u00faltimos anos no per\u00edodo do <em>black friday<\/em> e veja o que pode ser aproveitado.&nbsp;<br><\/p>\n\n\n\n<p class=\"has-normal-font-size\">Para voc\u00ea acertar no planejamento n\u00e3o deixe de conferir esse conte\u00fado: <a href=\"https:\/\/www.casamagalhaes.com.br\/blog\/supermercado-e-varejo\/planejamento-para-varejo\/\" target=\"_blank\" rel=\"noreferrer noopener\" aria-label=\" (abre numa nova aba)\">Quais as melhores pr\u00e1ticas de um planejamento para varejo?<\/a><\/p>\n\n\n\n<h3 class=\"wp-block-heading\">3\u00b0 Treine seus funcion\u00e1rios para atender bem os clientes<br><\/h3>\n\n\n\n<p class=\"has-normal-font-size\">Conhecer a opini\u00e3o do consumidor \u00e9 crucial para sua empresa desenvolver um bom relacionamento com ele. Entretanto, n\u00e3o basta saber o que o cliente pensa, \u00e9 preciso conversar com ele, mostrar que de fato ele \u00e9 importante para sua loja.<br><\/p>\n\n\n\n<p class=\"has-normal-font-size\">A <a href=\"https:\/\/www.casamagalhaes.com.br\/blog\/marketing\/sazonalidade-no-varejo\/\" target=\"_blank\" rel=\"noreferrer noopener\" aria-label=\"sazonalidade  (abre numa nova aba)\">sazonalidade <\/a>causa um fluxo de pessoas maior que o habitual, a correria para atender bem a cada consumidor \u00e9 grande, logo, quanto mais bem preparados tiverem seus funcion\u00e1rios, maiores ser\u00e3o as chances de oferecer aos clientes uma experi\u00eancia inesquec\u00edvel em sua loja.<br><\/p>\n\n\n\n<p class=\"has-normal-font-size\">Como o tempo \u00e9 curto, fa\u00e7a um treinamento r\u00e1pido, mas de qualidade, trazendo os principais pontos nos quais os colaboradores precisam estar atentos e quais atitudes tomar diante de determinadas situa\u00e7\u00f5es.<br><\/p>\n\n\n\n<h4 class=\"wp-block-heading\">Dica: <a rel=\"noreferrer noopener\" aria-label=\" (abre numa nova aba)\" href=\"https:\/\/www.casamagalhaes.com.br\/blog\/gestao-de-empresas\/treinamento-de-atendimento-ao-cliente\/\" target=\"_blank\">Conhe\u00e7a os 4 motivos para investir no treinamento de atendimento ao cliente<\/a><\/h4>\n\n\n\n<h3 class=\"wp-block-heading\">4\u00b0 Fa\u00e7a uma boa gest\u00e3o do estoque<br><\/h3>\n\n\n\n<p class=\"has-normal-font-size\">Nada mais decepcionante para um cliente do que chegar na sua loja e n\u00e3o encontrar o produto ofertado, principalmente aquele que foi anunciado diversas vezes nas estrat\u00e9gias de comunica\u00e7\u00e3o.<br><\/p>\n\n\n\n<p class=\"has-normal-font-size\">Para evitar a <a href=\"https:\/\/www.casamagalhaes.com.br\/blog\/supermercado-e-varejo\/o-que-e-ruptura-de-estoque\/\" target=\"_blank\" rel=\"noreferrer noopener\" aria-label=\"ruptura de estoque (abre numa nova aba)\">ruptura de estoque<\/a>, fa\u00e7a um levantamento dos produtos que tem e que est\u00e3o faltando em seu estoque, se tiver mercadoria encalhada, a Semana do Brasil \u00e9 uma \u00f3tima oportunidade para se livrar delas.<\/p>\n\n\n\n<div class=\"wp-block-image\"><figure class=\"aligncenter is-resized\"><a href=\"https:\/\/conteudo.casamagalhaes.com.br\/webinar-gestao-de-estoque\" target=\"_blank\" rel=\"noreferrer noopener\"><img loading=\"lazy\" decoding=\"async\" src=\"https:\/\/www.casamagalhaes.com.br\/blog\/wp-content\/uploads\/2019\/07\/Material-Rico-Blog-Webinar-estoque.jpg\" alt=\"Webinar de gest\u00e3o de estoque para o varejo - Casa MAGALH\u00c3ES\" class=\"wp-image-5898\" width=\"480\" height=\"300\"\/><\/a><\/figure><\/div>\n\n\n\n<h3 class=\"wp-block-heading\"><br>5\u00b0 N\u00e3o esque\u00e7a de divulgar!<\/h3>\n\n\n\n<p class=\"has-normal-font-size\">Do que adianta fazer in\u00fameras promo\u00e7\u00f5es em seu varejo se ningu\u00e9m fica sabendo?<br><\/p>\n\n\n\n<p class=\"has-normal-font-size\">Al\u00e9m das divulga\u00e7\u00f5es internas, n\u00e3o deixe a internet de lado, redes sociais s\u00e3o uma excelente forma de alcan\u00e7ar e atrair novos clientes, para saber como fazer isso de maneira eficiente, conhe\u00e7a o <a rel=\"noreferrer noopener\" aria-label=\" (abre numa nova aba)\" href=\"http:\/\/conteudo.casamagalhaes.com.br\/ebook-marketing-digital-varejo\" target=\"_blank\">Guia definitivo de Marketing Digital para o varejo<\/a>.<br><\/p>\n\n\n\n<h3 class=\"wp-block-heading\">6\u00b0 Aprenda com os seus erros e dos concorrentes<br><\/h3>\n\n\n\n<p class=\"has-normal-font-size\">Voc\u00ea j\u00e1 sabe que reavaliar o que foi feito \u00e9 importante, falamos desse assunto alguns t\u00f3picos acima, mas n\u00e3o basta reconhecer os erros, \u00e9 preciso trabalhar para que eles n\u00e3o aconte\u00e7am.<br><\/p>\n\n\n\n<p class=\"has-normal-font-size\">Na <em>black friday <\/em>de 2018 o site <a rel=\"noreferrer noopener\" aria-label=\" (abre numa nova aba)\" href=\"https:\/\/noticias.reclameaqui.com.br\/noticias\/reclamacoes-sobre-a-black-friday-2018-ultrapassam-97-mil_3607\/\" target=\"_blank\">Reclame Aqui<\/a> recebeu mais de 97 mil reclama\u00e7\u00f5es, a seguir voc\u00ea saber\u00e1 quais s\u00e3o os problemas que mais geraram insatisfa\u00e7\u00e3o ao consumidor e buscar estrat\u00e9gias para evit\u00e1-los na Semana do Brasil. Confira:<br><\/p>\n\n\n\n<ul class=\"wp-block-list\"><li>Atraso de entrega<\/li><li>Propaganda enganosa<\/li><li>Estorno do valor pago<\/li><li>Troca\/Devolu\u00e7\u00e3o de produtos<\/li><li>Produto errado<\/li><\/ul>\n\n\n\n<p class=\"has-normal-font-size\">\u00c9 claro que imprevistos acontecem, mas muitas situa\u00e7\u00f5es complicadas podem ser evitadas se houver uma organiza\u00e7\u00e3o e um planejamento eficiente da empresa.<\/p>\n\n\n\n<p class=\"has-normal-font-size\"><p class=\"has-normal-font-size\">Agora que voc\u00ea sabe o que \u00e9 a Semana do Brasil e como aproveit\u00e1-la para vender mais e atrair mais clientes, n\u00e3o deixe de assinar nossa <strong>Newsletter <\/strong>para receber mais dicas para alavancar suas vendas! At\u00e9 a pr\u00f3xima!<br><br><\/p>\n<div role=\"main\" id=\"cta-rodape-post-blog-cadastro-newsletter-5225678ea3f96bcfaa68\"><\/div>\n<script type=\"text\/javascript\" src=\"https:\/\/d335luupugsy2.cloudfront.net\/js\/rdstation-forms\/stable\/rdstation-forms.min.js\"><\/script>\n<script type=\"text\/javascript\">\n  new RDStationForms('cta-rodape-post-blog-cadastro-newsletter-5225678ea3f96bcfaa68-html', 'UA-45095125-1').createForm();\n<\/script><\/p>\n\n\n\n<p><br><\/p>\n\n\n\n<p><br><\/p>\n\n\n\n<p><br><\/p>\n\n\n\n<p><br><\/p>\n\n\n\n<p><\/p>\n\n\n\n<blockquote class=\"wp-block-quote is-style-large is-layout-flow wp-block-quote-is-layout-flow\"><p><\/p><p><\/p><p><\/p><p><\/p><p><\/p><p><\/p><p><\/p><p><\/p><p><\/p><p><\/p><p><\/p><\/blockquote>\n\n\n\n<blockquote class=\"wp-block-quote is-style-large is-layout-flow wp-block-quote-is-layout-flow\"><p><br><br><\/p><\/blockquote>\n\n\n\n<p><br> <br><\/p>\n\n\n\n<p><br><\/p>\n","protected":false},"excerpt":{"rendered":"<p>A Semana do Brasil est\u00e1 chegando! Fique por dentro dos detalhes da nova black friday brasileira e saiba como aproveit\u00e1-la para alavancar suas vendas! <\/p>\n","protected":false},"author":3,"featured_media":6270,"comment_status":"open","ping_status":"open","sticky":false,"template":"","format":"standard","meta":{"_acf_changed":false,"episode_type":"","audio_file":"","podmotor_file_id":"","podmotor_episode_id":"","cover_image":"","cover_image_id":"","duration":"","filesize":"","filesize_raw":"","date_recorded":"","explicit":"","block":"","itunes_episode_number":"","itunes_title":"","itunes_season_number":"","itunes_episode_type":"","ngg_post_thumbnail":0,"footnotes":""},"categories":[1,213],"tags":[208,215],"class_list":["post-6258","post","type-post","status-publish","format-standard","has-post-thumbnail","hentry","category-noticias","category-varejo","tag-noticias","tag-varejo"],"acf":[],"yoast_head":"<!-- This site is optimized with the Yoast SEO plugin v27.5 - https:\/\/yoast.com\/product\/yoast-seo-wordpress\/ -->\n<title>Semana do Brasil: Saiba tudo sobre a nova black friday brasileira<\/title>\n<meta name=\"description\" content=\"A Semana do Brasil est\u00e1 chegando! Fique por dentro dos detalhes da nova black friday brasileira e saiba como aproveit\u00e1-la para alavancar suas vendas!\" \/>\n<meta name=\"robots\" content=\"index, follow, max-snippet:-1, max-image-preview:large, max-video-preview:-1\" \/>\n<link rel=\"canonical\" href=\"https:\/\/www.casamagalhaes.com.br\/blog\/varejo\/semana-do-brasil\/\" \/>\n<meta property=\"og:locale\" content=\"pt_BR\" \/>\n<meta property=\"og:type\" content=\"article\" \/>\n<meta property=\"og:title\" content=\"Semana do Brasil: Saiba tudo sobre a nova black friday brasileira\" \/>\n<meta property=\"og:description\" content=\"A Semana do Brasil est\u00e1 chegando! Fique por dentro dos detalhes da nova black friday brasileira e saiba como aproveit\u00e1-la para alavancar suas vendas!\" \/>\n<meta property=\"og:url\" content=\"https:\/\/www.casamagalhaes.com.br\/blog\/varejo\/semana-do-brasil\/\" \/>\n<meta property=\"og:site_name\" content=\"Blog da Casa Magalh\u00e3es\" \/>\n<meta property=\"article:published_time\" content=\"2019-08-20T01:13:47+00:00\" \/>\n<meta property=\"article:modified_time\" content=\"2019-08-28T12:26:54+00:00\" \/>\n<meta property=\"og:image\" content=\"https:\/\/www.casamagalhaes.com.br\/blog\/wp-content\/uploads\/2019\/08\/Semana-do-Brasil-Saiba-tudo-sobre-a-nova-black-friday-brasileira.png\" \/>\n\t<meta property=\"og:image:width\" content=\"845\" \/>\n\t<meta property=\"og:image:height\" content=\"549\" \/>\n\t<meta property=\"og:image:type\" content=\"image\/png\" \/>\n<meta name=\"author\" content=\"Casa Magalh\u00e3es\" \/>\n<meta name=\"twitter:card\" content=\"summary_large_image\" \/>\n<meta name=\"twitter:label1\" content=\"Escrito por\" \/>\n\t<meta name=\"twitter:data1\" content=\"Casa Magalh\u00e3es\" \/>\n\t<meta name=\"twitter:label2\" content=\"Est. tempo de leitura\" \/>\n\t<meta name=\"twitter:data2\" content=\"6 minutos\" \/>\n<script type=\"application\/ld+json\" class=\"yoast-schema-graph\">{\"@context\":\"https:\\\/\\\/schema.org\",\"@graph\":[{\"@type\":\"Article\",\"@id\":\"https:\\\/\\\/www.casamagalhaes.com.br\\\/blog\\\/varejo\\\/semana-do-brasil\\\/#article\",\"isPartOf\":{\"@id\":\"https:\\\/\\\/www.casamagalhaes.com.br\\\/blog\\\/varejo\\\/semana-do-brasil\\\/\"},\"author\":{\"name\":\"Casa Magalh\u00e3es\",\"@id\":\"https:\\\/\\\/www.casamagalhaes.com.br\\\/blog\\\/#\\\/schema\\\/person\\\/56c892544a618f4fc2031b11e7b05831\"},\"headline\":\"Semana do Brasil: Saiba tudo sobre a nova black friday brasileira\",\"datePublished\":\"2019-08-20T01:13:47+00:00\",\"dateModified\":\"2019-08-28T12:26:54+00:00\",\"mainEntityOfPage\":{\"@id\":\"https:\\\/\\\/www.casamagalhaes.com.br\\\/blog\\\/varejo\\\/semana-do-brasil\\\/\"},\"wordCount\":1281,\"commentCount\":0,\"image\":{\"@id\":\"https:\\\/\\\/www.casamagalhaes.com.br\\\/blog\\\/varejo\\\/semana-do-brasil\\\/#primaryimage\"},\"thumbnailUrl\":\"https:\\\/\\\/www.casamagalhaes.com.br\\\/blog\\\/wp-content\\\/uploads\\\/2019\\\/08\\\/Semana-do-Brasil-Saiba-tudo-sobre-a-nova-black-friday-brasileira.png\",\"keywords\":[\"Not\u00edcias\",\"Varejo\"],\"articleSection\":[\"Not\u00edcias\",\"Varejo\"],\"inLanguage\":\"pt-BR\",\"potentialAction\":[{\"@type\":\"CommentAction\",\"name\":\"Comment\",\"target\":[\"https:\\\/\\\/www.casamagalhaes.com.br\\\/blog\\\/varejo\\\/semana-do-brasil\\\/#respond\"]}]},{\"@type\":\"WebPage\",\"@id\":\"https:\\\/\\\/www.casamagalhaes.com.br\\\/blog\\\/varejo\\\/semana-do-brasil\\\/\",\"url\":\"https:\\\/\\\/www.casamagalhaes.com.br\\\/blog\\\/varejo\\\/semana-do-brasil\\\/\",\"name\":\"Semana do Brasil: Saiba tudo sobre a nova black friday brasileira\",\"isPartOf\":{\"@id\":\"https:\\\/\\\/www.casamagalhaes.com.br\\\/blog\\\/#website\"},\"primaryImageOfPage\":{\"@id\":\"https:\\\/\\\/www.casamagalhaes.com.br\\\/blog\\\/varejo\\\/semana-do-brasil\\\/#primaryimage\"},\"image\":{\"@id\":\"https:\\\/\\\/www.casamagalhaes.com.br\\\/blog\\\/varejo\\\/semana-do-brasil\\\/#primaryimage\"},\"thumbnailUrl\":\"https:\\\/\\\/www.casamagalhaes.com.br\\\/blog\\\/wp-content\\\/uploads\\\/2019\\\/08\\\/Semana-do-Brasil-Saiba-tudo-sobre-a-nova-black-friday-brasileira.png\",\"datePublished\":\"2019-08-20T01:13:47+00:00\",\"dateModified\":\"2019-08-28T12:26:54+00:00\",\"author\":{\"@id\":\"https:\\\/\\\/www.casamagalhaes.com.br\\\/blog\\\/#\\\/schema\\\/person\\\/56c892544a618f4fc2031b11e7b05831\"},\"description\":\"A Semana do Brasil est\u00e1 chegando! Fique por dentro dos detalhes da nova black friday brasileira e saiba como aproveit\u00e1-la para alavancar suas vendas!\",\"breadcrumb\":{\"@id\":\"https:\\\/\\\/www.casamagalhaes.com.br\\\/blog\\\/varejo\\\/semana-do-brasil\\\/#breadcrumb\"},\"inLanguage\":\"pt-BR\",\"potentialAction\":[{\"@type\":\"ReadAction\",\"target\":[\"https:\\\/\\\/www.casamagalhaes.com.br\\\/blog\\\/varejo\\\/semana-do-brasil\\\/\"]}]},{\"@type\":\"ImageObject\",\"inLanguage\":\"pt-BR\",\"@id\":\"https:\\\/\\\/www.casamagalhaes.com.br\\\/blog\\\/varejo\\\/semana-do-brasil\\\/#primaryimage\",\"url\":\"https:\\\/\\\/www.casamagalhaes.com.br\\\/blog\\\/wp-content\\\/uploads\\\/2019\\\/08\\\/Semana-do-Brasil-Saiba-tudo-sobre-a-nova-black-friday-brasileira.png\",\"contentUrl\":\"https:\\\/\\\/www.casamagalhaes.com.br\\\/blog\\\/wp-content\\\/uploads\\\/2019\\\/08\\\/Semana-do-Brasil-Saiba-tudo-sobre-a-nova-black-friday-brasileira.png\",\"width\":845,\"height\":549,\"caption\":\"Semana do Brasil: Saiba tudo sobre a nova black friday brasileira\"},{\"@type\":\"BreadcrumbList\",\"@id\":\"https:\\\/\\\/www.casamagalhaes.com.br\\\/blog\\\/varejo\\\/semana-do-brasil\\\/#breadcrumb\",\"itemListElement\":[{\"@type\":\"ListItem\",\"position\":1,\"name\":\"In\u00edcio\",\"item\":\"https:\\\/\\\/www.casamagalhaes.com.br\\\/blog\\\/\"},{\"@type\":\"ListItem\",\"position\":2,\"name\":\"Semana do Brasil: Saiba tudo sobre a nova black friday brasileira\"}]},{\"@type\":\"WebSite\",\"@id\":\"https:\\\/\\\/www.casamagalhaes.com.br\\\/blog\\\/#website\",\"url\":\"https:\\\/\\\/www.casamagalhaes.com.br\\\/blog\\\/\",\"name\":\"Blog da Casa Magalh\u00e3es\",\"description\":\"\",\"potentialAction\":[{\"@type\":\"SearchAction\",\"target\":{\"@type\":\"EntryPoint\",\"urlTemplate\":\"https:\\\/\\\/www.casamagalhaes.com.br\\\/blog\\\/?s={search_term_string}\"},\"query-input\":{\"@type\":\"PropertyValueSpecification\",\"valueRequired\":true,\"valueName\":\"search_term_string\"}}],\"inLanguage\":\"pt-BR\"},{\"@type\":\"Person\",\"@id\":\"https:\\\/\\\/www.casamagalhaes.com.br\\\/blog\\\/#\\\/schema\\\/person\\\/56c892544a618f4fc2031b11e7b05831\",\"name\":\"Casa Magalh\u00e3es\",\"description\":\"Somos um Grupo empresarial da ind\u00fastria de TI, refer\u00eancia no mercado nacional de automa\u00e7\u00e3o comercial desde 1966, composto por empresas que desenvolvem softwares integrados de gest\u00e3o empresarial e frente de loja. Possui atendimento comercial, implanta\u00e7\u00e3o e suporte em todas as capitais do Brasil atrav\u00e9s de uma ampla rede de parceiros credenciados.\",\"sameAs\":[\"http:\\\/\\\/www.casamagalhaes.com.br\",\"https:\\\/\\\/www.instagram.com\\\/grupocasamagalhaes\\\/?hl=pt-br\"]}]}<\/script>\n<!-- \/ Yoast SEO plugin. -->","yoast_head_json":{"title":"Semana do Brasil: Saiba tudo sobre a nova black friday brasileira","description":"A Semana do Brasil est\u00e1 chegando! Fique por dentro dos detalhes da nova black friday brasileira e saiba como aproveit\u00e1-la para alavancar suas vendas!","robots":{"index":"index","follow":"follow","max-snippet":"max-snippet:-1","max-image-preview":"max-image-preview:large","max-video-preview":"max-video-preview:-1"},"canonical":"https:\/\/www.casamagalhaes.com.br\/blog\/varejo\/semana-do-brasil\/","og_locale":"pt_BR","og_type":"article","og_title":"Semana do Brasil: Saiba tudo sobre a nova black friday brasileira","og_description":"A Semana do Brasil est\u00e1 chegando! Fique por dentro dos detalhes da nova black friday brasileira e saiba como aproveit\u00e1-la para alavancar suas vendas!","og_url":"https:\/\/www.casamagalhaes.com.br\/blog\/varejo\/semana-do-brasil\/","og_site_name":"Blog da Casa Magalh\u00e3es","article_published_time":"2019-08-20T01:13:47+00:00","article_modified_time":"2019-08-28T12:26:54+00:00","og_image":[{"width":845,"height":549,"url":"https:\/\/www.casamagalhaes.com.br\/blog\/wp-content\/uploads\/2019\/08\/Semana-do-Brasil-Saiba-tudo-sobre-a-nova-black-friday-brasileira.png","type":"image\/png"}],"author":"Casa Magalh\u00e3es","twitter_card":"summary_large_image","twitter_misc":{"Escrito por":"Casa Magalh\u00e3es","Est. tempo de leitura":"6 minutos"},"schema":{"@context":"https:\/\/schema.org","@graph":[{"@type":"Article","@id":"https:\/\/www.casamagalhaes.com.br\/blog\/varejo\/semana-do-brasil\/#article","isPartOf":{"@id":"https:\/\/www.casamagalhaes.com.br\/blog\/varejo\/semana-do-brasil\/"},"author":{"name":"Casa Magalh\u00e3es","@id":"https:\/\/www.casamagalhaes.com.br\/blog\/#\/schema\/person\/56c892544a618f4fc2031b11e7b05831"},"headline":"Semana do Brasil: Saiba tudo sobre a nova black friday brasileira","datePublished":"2019-08-20T01:13:47+00:00","dateModified":"2019-08-28T12:26:54+00:00","mainEntityOfPage":{"@id":"https:\/\/www.casamagalhaes.com.br\/blog\/varejo\/semana-do-brasil\/"},"wordCount":1281,"commentCount":0,"image":{"@id":"https:\/\/www.casamagalhaes.com.br\/blog\/varejo\/semana-do-brasil\/#primaryimage"},"thumbnailUrl":"https:\/\/www.casamagalhaes.com.br\/blog\/wp-content\/uploads\/2019\/08\/Semana-do-Brasil-Saiba-tudo-sobre-a-nova-black-friday-brasileira.png","keywords":["Not\u00edcias","Varejo"],"articleSection":["Not\u00edcias","Varejo"],"inLanguage":"pt-BR","potentialAction":[{"@type":"CommentAction","name":"Comment","target":["https:\/\/www.casamagalhaes.com.br\/blog\/varejo\/semana-do-brasil\/#respond"]}]},{"@type":"WebPage","@id":"https:\/\/www.casamagalhaes.com.br\/blog\/varejo\/semana-do-brasil\/","url":"https:\/\/www.casamagalhaes.com.br\/blog\/varejo\/semana-do-brasil\/","name":"Semana do Brasil: Saiba tudo sobre a nova black friday brasileira","isPartOf":{"@id":"https:\/\/www.casamagalhaes.com.br\/blog\/#website"},"primaryImageOfPage":{"@id":"https:\/\/www.casamagalhaes.com.br\/blog\/varejo\/semana-do-brasil\/#primaryimage"},"image":{"@id":"https:\/\/www.casamagalhaes.com.br\/blog\/varejo\/semana-do-brasil\/#primaryimage"},"thumbnailUrl":"https:\/\/www.casamagalhaes.com.br\/blog\/wp-content\/uploads\/2019\/08\/Semana-do-Brasil-Saiba-tudo-sobre-a-nova-black-friday-brasileira.png","datePublished":"2019-08-20T01:13:47+00:00","dateModified":"2019-08-28T12:26:54+00:00","author":{"@id":"https:\/\/www.casamagalhaes.com.br\/blog\/#\/schema\/person\/56c892544a618f4fc2031b11e7b05831"},"description":"A Semana do Brasil est\u00e1 chegando! Fique por dentro dos detalhes da nova black friday brasileira e saiba como aproveit\u00e1-la para alavancar suas vendas!","breadcrumb":{"@id":"https:\/\/www.casamagalhaes.com.br\/blog\/varejo\/semana-do-brasil\/#breadcrumb"},"inLanguage":"pt-BR","potentialAction":[{"@type":"ReadAction","target":["https:\/\/www.casamagalhaes.com.br\/blog\/varejo\/semana-do-brasil\/"]}]},{"@type":"ImageObject","inLanguage":"pt-BR","@id":"https:\/\/www.casamagalhaes.com.br\/blog\/varejo\/semana-do-brasil\/#primaryimage","url":"https:\/\/www.casamagalhaes.com.br\/blog\/wp-content\/uploads\/2019\/08\/Semana-do-Brasil-Saiba-tudo-sobre-a-nova-black-friday-brasileira.png","contentUrl":"https:\/\/www.casamagalhaes.com.br\/blog\/wp-content\/uploads\/2019\/08\/Semana-do-Brasil-Saiba-tudo-sobre-a-nova-black-friday-brasileira.png","width":845,"height":549,"caption":"Semana do Brasil: Saiba tudo sobre a nova black friday brasileira"},{"@type":"BreadcrumbList","@id":"https:\/\/www.casamagalhaes.com.br\/blog\/varejo\/semana-do-brasil\/#breadcrumb","itemListElement":[{"@type":"ListItem","position":1,"name":"In\u00edcio","item":"https:\/\/www.casamagalhaes.com.br\/blog\/"},{"@type":"ListItem","position":2,"name":"Semana do Brasil: Saiba tudo sobre a nova black friday brasileira"}]},{"@type":"WebSite","@id":"https:\/\/www.casamagalhaes.com.br\/blog\/#website","url":"https:\/\/www.casamagalhaes.com.br\/blog\/","name":"Blog da Casa Magalh\u00e3es","description":"","potentialAction":[{"@type":"SearchAction","target":{"@type":"EntryPoint","urlTemplate":"https:\/\/www.casamagalhaes.com.br\/blog\/?s={search_term_string}"},"query-input":{"@type":"PropertyValueSpecification","valueRequired":true,"valueName":"search_term_string"}}],"inLanguage":"pt-BR"},{"@type":"Person","@id":"https:\/\/www.casamagalhaes.com.br\/blog\/#\/schema\/person\/56c892544a618f4fc2031b11e7b05831","name":"Casa Magalh\u00e3es","description":"Somos um Grupo empresarial da ind\u00fastria de TI, refer\u00eancia no mercado nacional de automa\u00e7\u00e3o comercial desde 1966, composto por empresas que desenvolvem softwares integrados de gest\u00e3o empresarial e frente de loja. Possui atendimento comercial, implanta\u00e7\u00e3o e suporte em todas as capitais do Brasil atrav\u00e9s de uma ampla rede de parceiros credenciados.","sameAs":["http:\/\/www.casamagalhaes.com.br","https:\/\/www.instagram.com\/grupocasamagalhaes\/?hl=pt-br"]}]}},"_links":{"self":[{"href":"https:\/\/www.casamagalhaes.com.br\/blog\/wp-json\/wp\/v2\/posts\/6258","targetHints":{"allow":["GET"]}}],"collection":[{"href":"https:\/\/www.casamagalhaes.com.br\/blog\/wp-json\/wp\/v2\/posts"}],"about":[{"href":"https:\/\/www.casamagalhaes.com.br\/blog\/wp-json\/wp\/v2\/types\/post"}],"author":[{"embeddable":true,"href":"https:\/\/www.casamagalhaes.com.br\/blog\/wp-json\/wp\/v2\/users\/3"}],"replies":[{"embeddable":true,"href":"https:\/\/www.casamagalhaes.com.br\/blog\/wp-json\/wp\/v2\/comments?post=6258"}],"version-history":[{"count":24,"href":"https:\/\/www.casamagalhaes.com.br\/blog\/wp-json\/wp\/v2\/posts\/6258\/revisions"}],"predecessor-version":[{"id":6304,"href":"https:\/\/www.casamagalhaes.com.br\/blog\/wp-json\/wp\/v2\/posts\/6258\/revisions\/6304"}],"wp:featuredmedia":[{"embeddable":true,"href":"https:\/\/www.casamagalhaes.com.br\/blog\/wp-json\/wp\/v2\/media\/6270"}],"wp:attachment":[{"href":"https:\/\/www.casamagalhaes.com.br\/blog\/wp-json\/wp\/v2\/media?parent=6258"}],"wp:term":[{"taxonomy":"category","embeddable":true,"href":"https:\/\/www.casamagalhaes.com.br\/blog\/wp-json\/wp\/v2\/categories?post=6258"},{"taxonomy":"post_tag","embeddable":true,"href":"https:\/\/www.casamagalhaes.com.br\/blog\/wp-json\/wp\/v2\/tags?post=6258"}],"curies":[{"name":"wp","href":"https:\/\/api.w.org\/{rel}","templated":true}]}}