{"id":5385,"date":"2019-04-12T18:36:16","date_gmt":"2019-04-12T21:36:16","guid":{"rendered":"https:\/\/www.casamagalhaes.com.br\/blog\/?p=5385"},"modified":"2019-04-23T18:30:56","modified_gmt":"2019-04-23T21:30:56","slug":"reforma-da-previdencia-para-restaurantes","status":"publish","type":"post","link":"https:\/\/www.casamagalhaes.com.br\/blog\/legal-e-tributario\/reforma-da-previdencia-para-restaurantes\/","title":{"rendered":"Voc\u00ea est\u00e1 por dentro da reforma da previd\u00eancia para restaurantes?"},"content":{"rendered":"<p><span style=\"font-weight: 400;\">A reforma da previd\u00eancia \u00e9 algo que tem causado muita\u00a0incerteza no trabalhador brasileiro, \u00e9 um assunto complicado quem vem sendo bastante comentado, mas pouco explicado de uma forma que seja acess\u00edvel e democr\u00e1tica. Esse fato nos motivou a escrever um texto que responde algumas das muitas perguntas que existem acerca do assunto, siga lendo.<\/span><\/p>\n<div id=\"ez-toc-container\" class=\"ez-toc-v2_0_82_2 counter-hierarchy ez-toc-counter ez-toc-light-blue ez-toc-container-direction\">\n<div class=\"ez-toc-title-container\">\n<p class=\"ez-toc-title\" style=\"cursor:inherit\">Navegue pelo conte\u00fado<\/p>\n<span class=\"ez-toc-title-toggle\"><a href=\"#\" class=\"ez-toc-pull-right ez-toc-btn ez-toc-btn-xs ez-toc-btn-default ez-toc-toggle\" aria-label=\"Alternar tabela de conte\u00fado\"><span class=\"ez-toc-js-icon-con\"><span class=\"\"><span class=\"eztoc-hide\" style=\"display:none;\">Toggle<\/span><span class=\"ez-toc-icon-toggle-span\"><svg style=\"fill: #999;color:#999\" xmlns=\"http:\/\/www.w3.org\/2000\/svg\" class=\"list-377408\" width=\"20px\" height=\"20px\" viewBox=\"0 0 24 24\" fill=\"none\"><path d=\"M6 6H4v2h2V6zm14 0H8v2h12V6zM4 11h2v2H4v-2zm16 0H8v2h12v-2zM4 16h2v2H4v-2zm16 0H8v2h12v-2z\" fill=\"currentColor\"><\/path><\/svg><svg style=\"fill: #999;color:#999\" class=\"arrow-unsorted-368013\" xmlns=\"http:\/\/www.w3.org\/2000\/svg\" width=\"10px\" height=\"10px\" viewBox=\"0 0 24 24\" version=\"1.2\" baseProfile=\"tiny\"><path d=\"M18.2 9.3l-6.2-6.3-6.2 6.3c-.2.2-.3.4-.3.7s.1.5.3.7c.2.2.4.3.7.3h11c.3 0 .5-.1.7-.3.2-.2.3-.5.3-.7s-.1-.5-.3-.7zM5.8 14.7l6.2 6.3 6.2-6.3c.2-.2.3-.5.3-.7s-.1-.5-.3-.7c-.2-.2-.4-.3-.7-.3h-11c-.3 0-.5.1-.7.3-.2.2-.3.5-.3.7s.1.5.3.7z\"\/><\/svg><\/span><\/span><\/span><\/a><\/span><\/div>\n<nav><ul class='ez-toc-list ez-toc-list-level-1 ' ><li class='ez-toc-page-1 ez-toc-heading-level-2'><a class=\"ez-toc-link ez-toc-heading-1\" href=\"https:\/\/www.casamagalhaes.com.br\/blog\/legal-e-tributario\/reforma-da-previdencia-para-restaurantes\/#Mas_o_que_e_a_previdencia\" >Mas o que \u00e9 a previd\u00eancia?<\/a><\/li><li class='ez-toc-page-1 ez-toc-heading-level-2'><a class=\"ez-toc-link ez-toc-heading-2\" href=\"https:\/\/www.casamagalhaes.com.br\/blog\/legal-e-tributario\/reforma-da-previdencia-para-restaurantes\/#E_qual_o_motivo_da_mudanca\" >E qual o motivo da mudan\u00e7a?<\/a><\/li><li class='ez-toc-page-1 ez-toc-heading-level-2'><a class=\"ez-toc-link ez-toc-heading-3\" href=\"https:\/\/www.casamagalhaes.com.br\/blog\/legal-e-tributario\/reforma-da-previdencia-para-restaurantes\/#Qual_sera_a_principal_mudanca\" >Qual ser\u00e1 a principal mudan\u00e7a?<\/a><\/li><li class='ez-toc-page-1 ez-toc-heading-level-2'><a class=\"ez-toc-link ez-toc-heading-4\" href=\"https:\/\/www.casamagalhaes.com.br\/blog\/legal-e-tributario\/reforma-da-previdencia-para-restaurantes\/#E_quando_a_reforma_entrara_em_vigor\" >E quando a reforma entrar\u00e1 em vigor?<\/a><\/li><li class='ez-toc-page-1 ez-toc-heading-level-2'><a class=\"ez-toc-link ez-toc-heading-5\" href=\"https:\/\/www.casamagalhaes.com.br\/blog\/legal-e-tributario\/reforma-da-previdencia-para-restaurantes\/#O_que_muda_com_a_reforma_da_previdencia_para_restaurantes\" >O que muda com a reforma da previd\u00eancia para restaurantes?<\/a><\/li><\/ul><\/nav><\/div>\n<h2><span class=\"ez-toc-section\" id=\"Mas_o_que_e_a_previdencia\"><\/span><span style=\"font-weight: 400;\">Mas o que \u00e9 a previd\u00eancia?<\/span><span class=\"ez-toc-section-end\"><\/span><\/h2>\n<p><span style=\"font-weight: 400;\">Antes de explicar as principais raz\u00f5es que levaram ao debate da reforma \u00e9 importante falar sobre o que \u00e9 a previd\u00eancia e como ela funciona atualmente.<\/span><\/p>\n<p><span style=\"font-weight: 400;\">A previd\u00eancia social funciona como um seguro onde o trabalhador contribui mensalmente (e obrigatoriamente) com uma porcentagem do seu sal\u00e1rio que varia de acordo com o valor l\u00edquido recebido.<\/span><\/p>\n<p><span style=\"font-weight: 400;\">Essa contribui\u00e7\u00e3o se faz necess\u00e1ria para garantir ao trabalhador assegurado uma renda fixa quando ele n\u00e3o puder mais trabalhar, seja por idade, invalidez ou simplesmente porque ele quer se aposentar.<\/span><\/p>\n<p><span style=\"font-weight: 400;\">Atualmente os trabalhadores ativos financiam a aposentadoria de quem j\u00e1 est\u00e1 aposentado. Isso significa que a previd\u00eancia n\u00e3o funciona como uma poupan\u00e7a, onde o dinheiro que voc\u00ea contribui ficar\u00e1 guardado at\u00e9 ser retirado no futuro. <\/span><\/p>\n<p><span style=\"font-weight: 400;\">O que quer dizer basicamente que hoje voc\u00ea paga por quem j\u00e1 est\u00e1 aposentado e quando voc\u00ea se aposentar os contribuintes da \u00e9poca v\u00e3o pagar por voc\u00ea. Bem simples, n\u00e3o \u00e9 mesmo?<\/span><\/p>\n<h2><span class=\"ez-toc-section\" id=\"E_qual_o_motivo_da_mudanca\"><\/span><span style=\"font-weight: 400;\">E qual o motivo da mudan\u00e7a?<\/span><span class=\"ez-toc-section-end\"><\/span><\/h2>\n<p><span style=\"font-weight: 400;\">Lembra que eu falei sobre os contribuintes atuais financiarem as aposentadorias? Ent\u00e3o, acontece que atualmente o n\u00famero de aposentados supera o n\u00famero de trabalhadores ativos, fazendo com que o dinheiro arrecadado n\u00e3o seja suficiente para efetuar todo o pagamento das aposentadorias e ent\u00e3o o governo tem que arcar com o preju\u00edzo e cobrir a diferen\u00e7a, chamamos isso de D\u00e9ficit.<\/span><\/p>\n<p><span style=\"font-weight: 400;\">Esse efeito \u00e9 um reflexo do envelhecimento populacional do Brasil, onde o n\u00famero de idosos est\u00e1 ficando muito maior que o de jovens. Lembre-se que antigamente era comum que os casais tivessem dez ou mais filhos e perceba que atualmente os casais est\u00e3o tendo um, dois ou at\u00e9 mesmo nenhum filho. Esse fato preocupa bastante os economistas e estudiosos da \u00e1rea, pois a proje\u00e7\u00e3o \u00e9 que isso se intensifique em um futuro pr\u00f3ximo e consequentemente o d\u00e9ficit da previd\u00eancia fique cada vez maior. <\/span><\/p>\n<p><span style=\"font-weight: 400;\">Diante disso, foi sugerida uma reforma geral na previd\u00eancia que visa corrigir o d\u00e9ficit atual e garantir que o sistema se sustente sozinho, ou seja, sem que o governo precise arcar com o preju\u00edzo, digamos assim.<\/span><\/p>\n<h2><span class=\"ez-toc-section\" id=\"Qual_sera_a_principal_mudanca\"><\/span><span style=\"font-weight: 400;\">Qual ser\u00e1 a principal mudan\u00e7a?<\/span><span class=\"ez-toc-section-end\"><\/span><\/h2>\n<p><span style=\"font-weight: 400;\">Atualmente a regra geral <\/span><b>existem duas formas de se aposentar<\/b><span style=\"font-weight: 400;\">: <\/span><b>por idade m\u00ednima<\/b><span style=\"font-weight: 400;\">, de 60 anos para mulheres e de 65 para homens, e no m\u00ednimo 15 anos de contribui\u00e7\u00e3o e <\/span><b>por tempo de contribui\u00e7\u00e3o<\/b><span style=\"font-weight: 400;\"> onde n\u00e3o necessita de idade m\u00ednima e considera apenas o tempo de contribui\u00e7\u00e3o, sendo de 30 anos para mulheres e de 35 para homens.<\/span><\/p>\n<p><span style=\"font-weight: 400;\">A reforma prop\u00f5e que exista apenas uma dessas formas, e ent\u00e3o a <strong>aposentadoria por idade m\u00ednima<\/strong> passaria a ser a \u00fanica forma v\u00e1lida, agora com idade m\u00ednima passando a ser de 62 anos para mulheres e de 65 para homens, com contribui\u00e7\u00e3o m\u00ednima de 20 anos.<\/span><\/p>\n<p><span style=\"font-weight: 400;\">Confira aqui a <\/span><a target=\"_blank\" href=\"http:\/\/estaticog1.globo.com\/2019\/02\/20\/2019.02.20NovaPrevidenciaconvertido.pdf\"><span style=\"font-weight: 400;\">apresenta\u00e7\u00e3o completa<\/span><\/a><span style=\"font-weight: 400;\"> da reforma.<\/span><\/p>\n<h2><span class=\"ez-toc-section\" id=\"E_quando_a_reforma_entrara_em_vigor\"><\/span><span style=\"font-weight: 400;\">E quando a reforma entrar\u00e1 em vigor?<\/span><span class=\"ez-toc-section-end\"><\/span><\/h2>\n<p><span style=\"font-weight: 400;\">Essa \u00e9 a grande inc\u00f3gnita, pois o processo inteiro para uma reforma impactante como essa ser aprovada \u00e9 bem demorado e dividido em v\u00e1rias etapas, al\u00e9m de ter que passar por v\u00e1rias vota\u00e7\u00f5es, assim, como qualquer outra lei.<\/span><\/p>\n<p><span style=\"font-weight: 400;\">O esperado \u00e9 que ainda em abril deste ano comecem as discuss\u00f5es acerca da reforma pelos deputados que poder\u00e3o sugerir altera\u00e7\u00f5es e outras melhorias para que depois disso o projeto passe pelas vota\u00e7\u00f5es. <\/span><\/p>\n<p><span style=\"font-weight: 400;\">O certo \u00e9 que n\u00e3o sabemos ainda quanto tempo esse processo pode durar ou, at\u00e9 mesmo, confirmar que ele ser\u00e1 realmente aprovado. Por isso n\u00e3o adianta se preocupar excessivamente ou se desesperar, muita \u00e1gua ainda vai rolar.<\/span><\/p>\n<h2><span class=\"ez-toc-section\" id=\"O_que_muda_com_a_reforma_da_previdencia_para_restaurantes\"><\/span><span style=\"font-weight: 400;\">O que muda com a reforma da previd\u00eancia para restaurantes?<\/span><span class=\"ez-toc-section-end\"><\/span><\/h2>\n<p><span style=\"font-weight: 400;\">A verdade \u00e9 que diretamente a reforma afeta apenas os trabalhadores em si, ou seja, os colaboradores do seu restaurante. Mas mesmo que em segundo plano voc\u00ea j\u00e1 pode se preparar e planejar alguns pontos.<\/span><\/p>\n<p><span style=\"font-weight: 400;\">O primeiro \u00e9 o tempo que o funcion\u00e1rio vai trabalhar em seu restaurante. Com a aposentadoria por idade passando a ser a regra geral o trabalhador provavelmente ter\u00e1 uma vida profissional um pouco mais longa do que vemos atualmente. <\/span><\/p>\n<p><span style=\"font-weight: 400;\">Em vista dessa possibilidade \u00e9 interessante que voc\u00ea estude formas de continuar a capacitar e melhorar o desempenho das pessoas que trabalham em seu estabelecimento.<\/span><\/p>\n<p><span style=\"font-weight: 400;\">O segundo ponto \u00e9 que \u00e9 esperado o aumento no n\u00famero de <\/span><span style=\"font-weight: 400;\">idosos empreendedores\u00a0de acordo com especialista<\/span><span style=\"font-weight: 400;\">, e isso pode significar que novos concorrentes apare\u00e7am. Por isso \u00e9 importante sair da zona de seguran\u00e7a e procurar uma forma de se <\/span><a target=\"_blank\" href=\"https:\/\/www.casamagalhaes.com.br\/blog\/bares-e-restaurantes\/pratos-customizados-para-restaurantes\/\"><span style=\"font-weight: 400;\">destacar da concorr\u00eancia<\/span><\/a><span style=\"font-weight: 400;\">, tanto da existente quanto da que pode surgir futuramente.<\/span><\/p>\n<h3><a target=\"_blank\" href=\"https:\/\/www.casamagalhaes.com.br\/blog\/gestao-de-empresas\/analise-da-concorrencia\/\"><span style=\"font-weight: 400;\">Descubra como fazer uma an\u00e1lise de concorr\u00eancia <\/span><\/a><\/h3>\n<p><span style=\"font-weight: 400;\">Por fim, \u00e9 preciso ressaltar que a reforma da previd\u00eancia \u00e9 assunto que ainda est\u00e1 em debate e que muito ainda pode ser alterado e definido com o decorrer das vota\u00e7\u00f5es, mas \u00e9 importante que voc\u00ea se mantenha informado para n\u00e3o ser pego se surpresa por nenhuma novidade. <\/span><\/p>\n<p><span style=\"font-weight: 400;\">E se voc\u00ea tem interesse em continuar atualizado com o mundo do food service, inscreva-se na nossa newsletter e fique por dentro de todas as novidades lan\u00e7adas no nosso blog. \u00c9 s\u00f3 se cadastrar no formul\u00e1rio abaixo! <\/span><\/p>\n<div id=\"cta-rodape-post-blog-cadastro-newsletter-5225678ea3f96bcfaa68\"><\/div>\n<p><script src=\"https:\/\/d335luupugsy2.cloudfront.net\/js\/rdstation-forms\/stable\/rdstation-forms.min.js\" type=\"text\/javascript\"><\/script><br \/>\n<script type=\"text\/javascript\">\/\/ <![CDATA[\nnew RDStationForms('cta-rodape-post-blog-cadastro-newsletter-5225678ea3f96bcfaa68-html', 'UA-45095125-1').createForm();\n\/\/ ]]><\/script><\/p>\n","protected":false},"excerpt":{"rendered":"<p>Muito est\u00e1 se discutindo acerca da previd\u00eancia social, mas voc\u00ea sabe o que muda na reforma da previd\u00eancia para restaurantes? Descubra lendo o nosso texto.<\/p>\n","protected":false},"author":3,"featured_media":5386,"comment_status":"open","ping_status":"open","sticky":false,"template":"","format":"standard","meta":{"_acf_changed":false,"episode_type":"","audio_file":"","podmotor_file_id":"","podmotor_episode_id":"","cover_image":"","cover_image_id":"","duration":"","filesize":"","filesize_raw":"","date_recorded":"","explicit":"","block":"","itunes_episode_number":"","itunes_title":"","itunes_season_number":"","itunes_episode_type":"","ngg_post_thumbnail":0,"footnotes":""},"categories":[150,153,1],"tags":[114],"class_list":["post-5385","post","type-post","status-publish","format-standard","has-post-thumbnail","hentry","category-bares-e-restaurantes","category-legal-e-tributario","category-noticias","tag-legal-e-tributario"],"acf":[],"yoast_head":"<!-- This site is optimized with the Yoast SEO plugin v27.5 - https:\/\/yoast.com\/product\/yoast-seo-wordpress\/ -->\n<title>Como a reforma da previd\u00eancia afeta restaurantes?<\/title>\n<meta name=\"description\" content=\"Muito est\u00e1 se discutindo acerca da previd\u00eancia social, mas voc\u00ea sabe como a reforma da previd\u00eancia afeta restaurantes? Descubra lendo o nosso texto.\" \/>\n<meta name=\"robots\" content=\"index, follow, max-snippet:-1, max-image-preview:large, max-video-preview:-1\" \/>\n<link rel=\"canonical\" href=\"https:\/\/www.casamagalhaes.com.br\/blog\/legal-e-tributario\/reforma-da-previdencia-para-restaurantes\/\" \/>\n<meta property=\"og:locale\" content=\"pt_BR\" \/>\n<meta property=\"og:type\" content=\"article\" \/>\n<meta property=\"og:title\" content=\"Como a reforma da previd\u00eancia afeta restaurantes?\" \/>\n<meta property=\"og:description\" content=\"Muito est\u00e1 se discutindo acerca da previd\u00eancia social, mas voc\u00ea sabe como a reforma da previd\u00eancia afeta restaurantes? Descubra lendo o nosso texto.\" \/>\n<meta property=\"og:url\" content=\"https:\/\/www.casamagalhaes.com.br\/blog\/legal-e-tributario\/reforma-da-previdencia-para-restaurantes\/\" \/>\n<meta property=\"og:site_name\" content=\"Blog da Casa Magalh\u00e3es\" \/>\n<meta property=\"article:published_time\" content=\"2019-04-12T21:36:16+00:00\" \/>\n<meta property=\"article:modified_time\" content=\"2019-04-23T21:30:56+00:00\" \/>\n<meta property=\"og:image\" content=\"https:\/\/www.casamagalhaes.com.br\/blog\/wp-content\/uploads\/2019\/04\/reforma-da-previdencia-para-restaurantes-e1555104072202.jpg\" \/>\n\t<meta property=\"og:image:width\" content=\"845\" \/>\n\t<meta property=\"og:image:height\" content=\"564\" \/>\n\t<meta property=\"og:image:type\" content=\"image\/jpeg\" \/>\n<meta name=\"author\" content=\"Casa Magalh\u00e3es\" \/>\n<meta name=\"twitter:card\" content=\"summary_large_image\" \/>\n<meta name=\"twitter:label1\" content=\"Escrito por\" \/>\n\t<meta name=\"twitter:data1\" content=\"Casa Magalh\u00e3es\" \/>\n\t<meta name=\"twitter:label2\" content=\"Est. tempo de leitura\" \/>\n\t<meta name=\"twitter:data2\" content=\"5 minutos\" \/>\n<script type=\"application\/ld+json\" class=\"yoast-schema-graph\">{\"@context\":\"https:\\\/\\\/schema.org\",\"@graph\":[{\"@type\":\"Article\",\"@id\":\"https:\\\/\\\/www.casamagalhaes.com.br\\\/blog\\\/legal-e-tributario\\\/reforma-da-previdencia-para-restaurantes\\\/#article\",\"isPartOf\":{\"@id\":\"https:\\\/\\\/www.casamagalhaes.com.br\\\/blog\\\/legal-e-tributario\\\/reforma-da-previdencia-para-restaurantes\\\/\"},\"author\":{\"name\":\"Casa Magalh\u00e3es\",\"@id\":\"https:\\\/\\\/www.casamagalhaes.com.br\\\/blog\\\/#\\\/schema\\\/person\\\/56c892544a618f4fc2031b11e7b05831\"},\"headline\":\"Voc\u00ea est\u00e1 por dentro da reforma da previd\u00eancia para restaurantes?\",\"datePublished\":\"2019-04-12T21:36:16+00:00\",\"dateModified\":\"2019-04-23T21:30:56+00:00\",\"mainEntityOfPage\":{\"@id\":\"https:\\\/\\\/www.casamagalhaes.com.br\\\/blog\\\/legal-e-tributario\\\/reforma-da-previdencia-para-restaurantes\\\/\"},\"wordCount\":939,\"commentCount\":0,\"image\":{\"@id\":\"https:\\\/\\\/www.casamagalhaes.com.br\\\/blog\\\/legal-e-tributario\\\/reforma-da-previdencia-para-restaurantes\\\/#primaryimage\"},\"thumbnailUrl\":\"https:\\\/\\\/www.casamagalhaes.com.br\\\/blog\\\/wp-content\\\/uploads\\\/2019\\\/04\\\/reforma-da-previdencia-para-restaurantes-e1555104072202.jpg\",\"keywords\":[\"Legal e Tribut\u00e1rio\"],\"articleSection\":[\"Food Service\",\"Legal e Tribut\u00e1rio\",\"Not\u00edcias\"],\"inLanguage\":\"pt-BR\",\"potentialAction\":[{\"@type\":\"CommentAction\",\"name\":\"Comment\",\"target\":[\"https:\\\/\\\/www.casamagalhaes.com.br\\\/blog\\\/legal-e-tributario\\\/reforma-da-previdencia-para-restaurantes\\\/#respond\"]}]},{\"@type\":\"WebPage\",\"@id\":\"https:\\\/\\\/www.casamagalhaes.com.br\\\/blog\\\/legal-e-tributario\\\/reforma-da-previdencia-para-restaurantes\\\/\",\"url\":\"https:\\\/\\\/www.casamagalhaes.com.br\\\/blog\\\/legal-e-tributario\\\/reforma-da-previdencia-para-restaurantes\\\/\",\"name\":\"Como a reforma da previd\u00eancia afeta restaurantes?\",\"isPartOf\":{\"@id\":\"https:\\\/\\\/www.casamagalhaes.com.br\\\/blog\\\/#website\"},\"primaryImageOfPage\":{\"@id\":\"https:\\\/\\\/www.casamagalhaes.com.br\\\/blog\\\/legal-e-tributario\\\/reforma-da-previdencia-para-restaurantes\\\/#primaryimage\"},\"image\":{\"@id\":\"https:\\\/\\\/www.casamagalhaes.com.br\\\/blog\\\/legal-e-tributario\\\/reforma-da-previdencia-para-restaurantes\\\/#primaryimage\"},\"thumbnailUrl\":\"https:\\\/\\\/www.casamagalhaes.com.br\\\/blog\\\/wp-content\\\/uploads\\\/2019\\\/04\\\/reforma-da-previdencia-para-restaurantes-e1555104072202.jpg\",\"datePublished\":\"2019-04-12T21:36:16+00:00\",\"dateModified\":\"2019-04-23T21:30:56+00:00\",\"author\":{\"@id\":\"https:\\\/\\\/www.casamagalhaes.com.br\\\/blog\\\/#\\\/schema\\\/person\\\/56c892544a618f4fc2031b11e7b05831\"},\"description\":\"Muito est\u00e1 se discutindo acerca da previd\u00eancia social, mas voc\u00ea sabe como a reforma da previd\u00eancia afeta restaurantes? Descubra lendo o nosso texto.\",\"breadcrumb\":{\"@id\":\"https:\\\/\\\/www.casamagalhaes.com.br\\\/blog\\\/legal-e-tributario\\\/reforma-da-previdencia-para-restaurantes\\\/#breadcrumb\"},\"inLanguage\":\"pt-BR\",\"potentialAction\":[{\"@type\":\"ReadAction\",\"target\":[\"https:\\\/\\\/www.casamagalhaes.com.br\\\/blog\\\/legal-e-tributario\\\/reforma-da-previdencia-para-restaurantes\\\/\"]}]},{\"@type\":\"ImageObject\",\"inLanguage\":\"pt-BR\",\"@id\":\"https:\\\/\\\/www.casamagalhaes.com.br\\\/blog\\\/legal-e-tributario\\\/reforma-da-previdencia-para-restaurantes\\\/#primaryimage\",\"url\":\"https:\\\/\\\/www.casamagalhaes.com.br\\\/blog\\\/wp-content\\\/uploads\\\/2019\\\/04\\\/reforma-da-previdencia-para-restaurantes-e1555104072202.jpg\",\"contentUrl\":\"https:\\\/\\\/www.casamagalhaes.com.br\\\/blog\\\/wp-content\\\/uploads\\\/2019\\\/04\\\/reforma-da-previdencia-para-restaurantes-e1555104072202.jpg\",\"width\":845,\"height\":564,\"caption\":\"Wallet with Brazilian money notes, Brazilian coins, magnifying glasses and work permit on white background\"},{\"@type\":\"BreadcrumbList\",\"@id\":\"https:\\\/\\\/www.casamagalhaes.com.br\\\/blog\\\/legal-e-tributario\\\/reforma-da-previdencia-para-restaurantes\\\/#breadcrumb\",\"itemListElement\":[{\"@type\":\"ListItem\",\"position\":1,\"name\":\"In\u00edcio\",\"item\":\"https:\\\/\\\/www.casamagalhaes.com.br\\\/blog\\\/\"},{\"@type\":\"ListItem\",\"position\":2,\"name\":\"Voc\u00ea est\u00e1 por dentro da reforma da previd\u00eancia para restaurantes?\"}]},{\"@type\":\"WebSite\",\"@id\":\"https:\\\/\\\/www.casamagalhaes.com.br\\\/blog\\\/#website\",\"url\":\"https:\\\/\\\/www.casamagalhaes.com.br\\\/blog\\\/\",\"name\":\"Blog da Casa Magalh\u00e3es\",\"description\":\"\",\"potentialAction\":[{\"@type\":\"SearchAction\",\"target\":{\"@type\":\"EntryPoint\",\"urlTemplate\":\"https:\\\/\\\/www.casamagalhaes.com.br\\\/blog\\\/?s={search_term_string}\"},\"query-input\":{\"@type\":\"PropertyValueSpecification\",\"valueRequired\":true,\"valueName\":\"search_term_string\"}}],\"inLanguage\":\"pt-BR\"},{\"@type\":\"Person\",\"@id\":\"https:\\\/\\\/www.casamagalhaes.com.br\\\/blog\\\/#\\\/schema\\\/person\\\/56c892544a618f4fc2031b11e7b05831\",\"name\":\"Casa Magalh\u00e3es\",\"description\":\"Somos um Grupo empresarial da ind\u00fastria de TI, refer\u00eancia no mercado nacional de automa\u00e7\u00e3o comercial desde 1966, composto por empresas que desenvolvem softwares integrados de gest\u00e3o empresarial e frente de loja. Possui atendimento comercial, implanta\u00e7\u00e3o e suporte em todas as capitais do Brasil atrav\u00e9s de uma ampla rede de parceiros credenciados.\",\"sameAs\":[\"http:\\\/\\\/www.casamagalhaes.com.br\",\"https:\\\/\\\/www.instagram.com\\\/grupocasamagalhaes\\\/?hl=pt-br\"]}]}<\/script>\n<!-- \/ Yoast SEO plugin. -->","yoast_head_json":{"title":"Como a reforma da previd\u00eancia afeta restaurantes?","description":"Muito est\u00e1 se discutindo acerca da previd\u00eancia social, mas voc\u00ea sabe como a reforma da previd\u00eancia afeta restaurantes? Descubra lendo o nosso texto.","robots":{"index":"index","follow":"follow","max-snippet":"max-snippet:-1","max-image-preview":"max-image-preview:large","max-video-preview":"max-video-preview:-1"},"canonical":"https:\/\/www.casamagalhaes.com.br\/blog\/legal-e-tributario\/reforma-da-previdencia-para-restaurantes\/","og_locale":"pt_BR","og_type":"article","og_title":"Como a reforma da previd\u00eancia afeta restaurantes?","og_description":"Muito est\u00e1 se discutindo acerca da previd\u00eancia social, mas voc\u00ea sabe como a reforma da previd\u00eancia afeta restaurantes? Descubra lendo o nosso texto.","og_url":"https:\/\/www.casamagalhaes.com.br\/blog\/legal-e-tributario\/reforma-da-previdencia-para-restaurantes\/","og_site_name":"Blog da Casa Magalh\u00e3es","article_published_time":"2019-04-12T21:36:16+00:00","article_modified_time":"2019-04-23T21:30:56+00:00","og_image":[{"width":845,"height":564,"url":"https:\/\/www.casamagalhaes.com.br\/blog\/wp-content\/uploads\/2019\/04\/reforma-da-previdencia-para-restaurantes-e1555104072202.jpg","type":"image\/jpeg"}],"author":"Casa Magalh\u00e3es","twitter_card":"summary_large_image","twitter_misc":{"Escrito por":"Casa Magalh\u00e3es","Est. tempo de leitura":"5 minutos"},"schema":{"@context":"https:\/\/schema.org","@graph":[{"@type":"Article","@id":"https:\/\/www.casamagalhaes.com.br\/blog\/legal-e-tributario\/reforma-da-previdencia-para-restaurantes\/#article","isPartOf":{"@id":"https:\/\/www.casamagalhaes.com.br\/blog\/legal-e-tributario\/reforma-da-previdencia-para-restaurantes\/"},"author":{"name":"Casa Magalh\u00e3es","@id":"https:\/\/www.casamagalhaes.com.br\/blog\/#\/schema\/person\/56c892544a618f4fc2031b11e7b05831"},"headline":"Voc\u00ea est\u00e1 por dentro da reforma da previd\u00eancia para restaurantes?","datePublished":"2019-04-12T21:36:16+00:00","dateModified":"2019-04-23T21:30:56+00:00","mainEntityOfPage":{"@id":"https:\/\/www.casamagalhaes.com.br\/blog\/legal-e-tributario\/reforma-da-previdencia-para-restaurantes\/"},"wordCount":939,"commentCount":0,"image":{"@id":"https:\/\/www.casamagalhaes.com.br\/blog\/legal-e-tributario\/reforma-da-previdencia-para-restaurantes\/#primaryimage"},"thumbnailUrl":"https:\/\/www.casamagalhaes.com.br\/blog\/wp-content\/uploads\/2019\/04\/reforma-da-previdencia-para-restaurantes-e1555104072202.jpg","keywords":["Legal e Tribut\u00e1rio"],"articleSection":["Food Service","Legal e Tribut\u00e1rio","Not\u00edcias"],"inLanguage":"pt-BR","potentialAction":[{"@type":"CommentAction","name":"Comment","target":["https:\/\/www.casamagalhaes.com.br\/blog\/legal-e-tributario\/reforma-da-previdencia-para-restaurantes\/#respond"]}]},{"@type":"WebPage","@id":"https:\/\/www.casamagalhaes.com.br\/blog\/legal-e-tributario\/reforma-da-previdencia-para-restaurantes\/","url":"https:\/\/www.casamagalhaes.com.br\/blog\/legal-e-tributario\/reforma-da-previdencia-para-restaurantes\/","name":"Como a reforma da previd\u00eancia afeta restaurantes?","isPartOf":{"@id":"https:\/\/www.casamagalhaes.com.br\/blog\/#website"},"primaryImageOfPage":{"@id":"https:\/\/www.casamagalhaes.com.br\/blog\/legal-e-tributario\/reforma-da-previdencia-para-restaurantes\/#primaryimage"},"image":{"@id":"https:\/\/www.casamagalhaes.com.br\/blog\/legal-e-tributario\/reforma-da-previdencia-para-restaurantes\/#primaryimage"},"thumbnailUrl":"https:\/\/www.casamagalhaes.com.br\/blog\/wp-content\/uploads\/2019\/04\/reforma-da-previdencia-para-restaurantes-e1555104072202.jpg","datePublished":"2019-04-12T21:36:16+00:00","dateModified":"2019-04-23T21:30:56+00:00","author":{"@id":"https:\/\/www.casamagalhaes.com.br\/blog\/#\/schema\/person\/56c892544a618f4fc2031b11e7b05831"},"description":"Muito est\u00e1 se discutindo acerca da previd\u00eancia social, mas voc\u00ea sabe como a reforma da previd\u00eancia afeta restaurantes? Descubra lendo o nosso texto.","breadcrumb":{"@id":"https:\/\/www.casamagalhaes.com.br\/blog\/legal-e-tributario\/reforma-da-previdencia-para-restaurantes\/#breadcrumb"},"inLanguage":"pt-BR","potentialAction":[{"@type":"ReadAction","target":["https:\/\/www.casamagalhaes.com.br\/blog\/legal-e-tributario\/reforma-da-previdencia-para-restaurantes\/"]}]},{"@type":"ImageObject","inLanguage":"pt-BR","@id":"https:\/\/www.casamagalhaes.com.br\/blog\/legal-e-tributario\/reforma-da-previdencia-para-restaurantes\/#primaryimage","url":"https:\/\/www.casamagalhaes.com.br\/blog\/wp-content\/uploads\/2019\/04\/reforma-da-previdencia-para-restaurantes-e1555104072202.jpg","contentUrl":"https:\/\/www.casamagalhaes.com.br\/blog\/wp-content\/uploads\/2019\/04\/reforma-da-previdencia-para-restaurantes-e1555104072202.jpg","width":845,"height":564,"caption":"Wallet with Brazilian money notes, Brazilian coins, magnifying glasses and work permit on white background"},{"@type":"BreadcrumbList","@id":"https:\/\/www.casamagalhaes.com.br\/blog\/legal-e-tributario\/reforma-da-previdencia-para-restaurantes\/#breadcrumb","itemListElement":[{"@type":"ListItem","position":1,"name":"In\u00edcio","item":"https:\/\/www.casamagalhaes.com.br\/blog\/"},{"@type":"ListItem","position":2,"name":"Voc\u00ea est\u00e1 por dentro da reforma da previd\u00eancia para restaurantes?"}]},{"@type":"WebSite","@id":"https:\/\/www.casamagalhaes.com.br\/blog\/#website","url":"https:\/\/www.casamagalhaes.com.br\/blog\/","name":"Blog da Casa Magalh\u00e3es","description":"","potentialAction":[{"@type":"SearchAction","target":{"@type":"EntryPoint","urlTemplate":"https:\/\/www.casamagalhaes.com.br\/blog\/?s={search_term_string}"},"query-input":{"@type":"PropertyValueSpecification","valueRequired":true,"valueName":"search_term_string"}}],"inLanguage":"pt-BR"},{"@type":"Person","@id":"https:\/\/www.casamagalhaes.com.br\/blog\/#\/schema\/person\/56c892544a618f4fc2031b11e7b05831","name":"Casa Magalh\u00e3es","description":"Somos um Grupo empresarial da ind\u00fastria de TI, refer\u00eancia no mercado nacional de automa\u00e7\u00e3o comercial desde 1966, composto por empresas que desenvolvem softwares integrados de gest\u00e3o empresarial e frente de loja. Possui atendimento comercial, implanta\u00e7\u00e3o e suporte em todas as capitais do Brasil atrav\u00e9s de uma ampla rede de parceiros credenciados.","sameAs":["http:\/\/www.casamagalhaes.com.br","https:\/\/www.instagram.com\/grupocasamagalhaes\/?hl=pt-br"]}]}},"_links":{"self":[{"href":"https:\/\/www.casamagalhaes.com.br\/blog\/wp-json\/wp\/v2\/posts\/5385","targetHints":{"allow":["GET"]}}],"collection":[{"href":"https:\/\/www.casamagalhaes.com.br\/blog\/wp-json\/wp\/v2\/posts"}],"about":[{"href":"https:\/\/www.casamagalhaes.com.br\/blog\/wp-json\/wp\/v2\/types\/post"}],"author":[{"embeddable":true,"href":"https:\/\/www.casamagalhaes.com.br\/blog\/wp-json\/wp\/v2\/users\/3"}],"replies":[{"embeddable":true,"href":"https:\/\/www.casamagalhaes.com.br\/blog\/wp-json\/wp\/v2\/comments?post=5385"}],"version-history":[{"count":7,"href":"https:\/\/www.casamagalhaes.com.br\/blog\/wp-json\/wp\/v2\/posts\/5385\/revisions"}],"predecessor-version":[{"id":5404,"href":"https:\/\/www.casamagalhaes.com.br\/blog\/wp-json\/wp\/v2\/posts\/5385\/revisions\/5404"}],"wp:featuredmedia":[{"embeddable":true,"href":"https:\/\/www.casamagalhaes.com.br\/blog\/wp-json\/wp\/v2\/media\/5386"}],"wp:attachment":[{"href":"https:\/\/www.casamagalhaes.com.br\/blog\/wp-json\/wp\/v2\/media?parent=5385"}],"wp:term":[{"taxonomy":"category","embeddable":true,"href":"https:\/\/www.casamagalhaes.com.br\/blog\/wp-json\/wp\/v2\/categories?post=5385"},{"taxonomy":"post_tag","embeddable":true,"href":"https:\/\/www.casamagalhaes.com.br\/blog\/wp-json\/wp\/v2\/tags?post=5385"}],"curies":[{"name":"wp","href":"https:\/\/api.w.org\/{rel}","templated":true}]}}