{"id":4573,"date":"2018-11-30T18:03:54","date_gmt":"2018-11-30T21:03:54","guid":{"rendered":"https:\/\/www.casamagalhaes.com.br\/blog\/?p=4573"},"modified":"2018-12-04T13:19:48","modified_gmt":"2018-12-04T16:19:48","slug":"casa-magalhaes-sistema-de-informacao","status":"publish","type":"post","link":"https:\/\/www.casamagalhaes.com.br\/blog\/noticias\/casa-magalhaes-sistema-de-informacao\/","title":{"rendered":"Casa Magalh\u00e3es participa da 18\u00b0 Semana de Sistema de Informa\u00e7\u00e3o da Uni7"},"content":{"rendered":"<p>A Casa Magalh\u00e3es patrocinou a 18\u00b0 edi\u00e7\u00e3o da Semana de Sistemas de Informa\u00e7\u00e3o do Centro Universit\u00e1rio 7 de Setembro, que aconteceu nos dias 19 a 21 de Novembro.<\/p>\n<p>Segundo a organiza\u00e7\u00e3o do evento, a semana teve como objetivo, favorecer um momento de crescimento e integra\u00e7\u00e3o, onde professores, alunos universit\u00e1rios e de ensino m\u00e9dio, profissionais de mercado e a comunidade com interesse em Tecnologia da Informa\u00e7\u00e3o, trocam experi\u00eancias e conhecimento, apresentam seus trabalhos e tamb\u00e9m t\u00eam a oportunidade de participar de momentos culturais.<\/p>\n<p>Para Eduardo Mendes, professor adjunto do curso de Sistemas de Informa\u00e7\u00e3o e organizador do evento, ver que o Grupo Casa Magalh\u00e3es est\u00e1 atento a forma\u00e7\u00e3o dos profissionais de tecnologia de informa\u00e7\u00e3o, \u00e9 bastante significativa para a Uni7,\u00a0 pois ter o aval da empresa, alimentou o interesse dos alunos da institui\u00e7\u00e3o e de outras em participar da Semana de Sistemas de Informa\u00e7\u00e3o.<\/p>\n<p>Segundo Palti Talmai, gerente de Trade e Branding da Casa Magalh\u00e3es, a presen\u00e7a no SSIUni7 foi uma forma de se aproximar cada vez mais do meio acad\u00eamico, buscando fortalecer a nossa imagem perante professores e alunos, pois acreditamos na educa\u00e7\u00e3o e no poder de transforma\u00e7\u00e3o que ela traz.<\/p>\n<p>Clique <strong><a target=\"_blank\" href=\"https:\/\/www.facebook.com\/pg\/casamagalhaes\/photos\/?tab=album&amp;album_id=1948124781908838\">aqui<\/a><\/strong> e confira as fotos do evento!<\/p>\n<h4><strong>Continue conosco, fique por dentro de tudo que acontece no blog da Casa Magalh\u00e3es, assine hoje mesmo nossa Newsletter!<\/strong><\/h4>\n<div id=\"cta-rodape-post-blog-cadastro-newsletter-5225678ea3f96bcfaa68\"><\/div>\n<p><script src=\"https:\/\/d335luupugsy2.cloudfront.net\/js\/rdstation-forms\/stable\/rdstation-forms.min.js\" type=\"text\/javascript\"><\/script><br \/>\n<script type=\"text\/javascript\">\/\/ <![CDATA[\nnew RDStationForms('cta-rodape-post-blog-cadastro-newsletter-5225678ea3f96bcfaa68-html', 'UA-45095125-1').createForm();\n\/\/ ]]><\/script><\/p>\n","protected":false},"excerpt":{"rendered":"<p>A Casa Magalh\u00e3es patrocinou a 18\u00b0 edi\u00e7\u00e3o da Semana de Sistemas de Informa\u00e7\u00e3o da Uni7, em Fortaleza, que aconteceu nos dias 19 a 21 de Novembro. Confira!<\/p>\n","protected":false},"author":3,"featured_media":4586,"comment_status":"open","ping_status":"open","sticky":false,"template":"","format":"standard","meta":{"_acf_changed":false,"episode_type":"","audio_file":"","podmotor_file_id":"","podmotor_episode_id":"","cover_image":"","cover_image_id":"","duration":"","filesize":"","filesize_raw":"","date_recorded":"","explicit":"","block":"","itunes_episode_number":"","itunes_title":"","itunes_season_number":"","itunes_episode_type":"","ngg_post_thumbnail":0,"footnotes":""},"categories":[1],"tags":[208],"class_list":["post-4573","post","type-post","status-publish","format-standard","has-post-thumbnail","hentry","category-noticias","tag-noticias"],"acf":[],"yoast_head":"<!-- This site is optimized with the Yoast SEO plugin v27.5 - https:\/\/yoast.com\/product\/yoast-seo-wordpress\/ -->\n<title>Casa Magalh\u00e3es participa da 18\u00b0 Semana de Sistema de Informa\u00e7\u00e3o<\/title>\n<meta name=\"description\" content=\"A Casa Magalh\u00e3es patrocinou a 18\u00b0 edi\u00e7\u00e3o da Semana de Sistemas de Informa\u00e7\u00e3o da Uni7, em Fortaleza, que aconteceu nos dias 19 a 21 de Novembro. Confira!\" \/>\n<meta name=\"robots\" content=\"index, follow, max-snippet:-1, max-image-preview:large, max-video-preview:-1\" \/>\n<link rel=\"canonical\" href=\"https:\/\/www.casamagalhaes.com.br\/blog\/noticias\/casa-magalhaes-sistema-de-informacao\/\" \/>\n<meta property=\"og:locale\" content=\"pt_BR\" \/>\n<meta property=\"og:type\" content=\"article\" \/>\n<meta property=\"og:title\" content=\"Casa Magalh\u00e3es participa da 18\u00b0 Semana de Sistema de Informa\u00e7\u00e3o\" \/>\n<meta property=\"og:description\" content=\"A Casa Magalh\u00e3es patrocinou a 18\u00b0 edi\u00e7\u00e3o da Semana de Sistemas de Informa\u00e7\u00e3o da Uni7, em Fortaleza, que aconteceu nos dias 19 a 21 de Novembro. Confira!\" \/>\n<meta property=\"og:url\" content=\"https:\/\/www.casamagalhaes.com.br\/blog\/noticias\/casa-magalhaes-sistema-de-informacao\/\" \/>\n<meta property=\"og:site_name\" content=\"Blog da Casa Magalh\u00e3es\" \/>\n<meta property=\"article:published_time\" content=\"2018-11-30T21:03:54+00:00\" \/>\n<meta property=\"article:modified_time\" content=\"2018-12-04T16:19:48+00:00\" \/>\n<meta property=\"og:image\" content=\"https:\/\/www.casamagalhaes.com.br\/blog\/wp-content\/uploads\/2018\/11\/UNI7-Festival-de-Software-2018-19-1-e1543611168808.jpg\" \/>\n\t<meta property=\"og:image:width\" content=\"845\" \/>\n\t<meta property=\"og:image:height\" content=\"634\" \/>\n\t<meta property=\"og:image:type\" content=\"image\/jpeg\" \/>\n<meta name=\"author\" content=\"Casa Magalh\u00e3es\" \/>\n<meta name=\"twitter:card\" content=\"summary_large_image\" \/>\n<meta name=\"twitter:label1\" content=\"Escrito por\" \/>\n\t<meta name=\"twitter:data1\" content=\"Casa Magalh\u00e3es\" \/>\n\t<meta name=\"twitter:label2\" content=\"Est. tempo de leitura\" \/>\n\t<meta name=\"twitter:data2\" content=\"1 minuto\" \/>\n<script type=\"application\/ld+json\" class=\"yoast-schema-graph\">{\"@context\":\"https:\\\/\\\/schema.org\",\"@graph\":[{\"@type\":\"Article\",\"@id\":\"https:\\\/\\\/www.casamagalhaes.com.br\\\/blog\\\/noticias\\\/casa-magalhaes-sistema-de-informacao\\\/#article\",\"isPartOf\":{\"@id\":\"https:\\\/\\\/www.casamagalhaes.com.br\\\/blog\\\/noticias\\\/casa-magalhaes-sistema-de-informacao\\\/\"},\"author\":{\"name\":\"Casa Magalh\u00e3es\",\"@id\":\"https:\\\/\\\/www.casamagalhaes.com.br\\\/blog\\\/#\\\/schema\\\/person\\\/56c892544a618f4fc2031b11e7b05831\"},\"headline\":\"Casa Magalh\u00e3es participa da 18\u00b0 Semana de Sistema de Informa\u00e7\u00e3o da Uni7\",\"datePublished\":\"2018-11-30T21:03:54+00:00\",\"dateModified\":\"2018-12-04T16:19:48+00:00\",\"mainEntityOfPage\":{\"@id\":\"https:\\\/\\\/www.casamagalhaes.com.br\\\/blog\\\/noticias\\\/casa-magalhaes-sistema-de-informacao\\\/\"},\"wordCount\":250,\"commentCount\":0,\"image\":{\"@id\":\"https:\\\/\\\/www.casamagalhaes.com.br\\\/blog\\\/noticias\\\/casa-magalhaes-sistema-de-informacao\\\/#primaryimage\"},\"thumbnailUrl\":\"https:\\\/\\\/www.casamagalhaes.com.br\\\/blog\\\/wp-content\\\/uploads\\\/2018\\\/11\\\/UNI7-Festival-de-Software-2018-19-1-e1543611168808.jpg\",\"keywords\":[\"Not\u00edcias\"],\"articleSection\":[\"Not\u00edcias\"],\"inLanguage\":\"pt-BR\",\"potentialAction\":[{\"@type\":\"CommentAction\",\"name\":\"Comment\",\"target\":[\"https:\\\/\\\/www.casamagalhaes.com.br\\\/blog\\\/noticias\\\/casa-magalhaes-sistema-de-informacao\\\/#respond\"]}]},{\"@type\":\"WebPage\",\"@id\":\"https:\\\/\\\/www.casamagalhaes.com.br\\\/blog\\\/noticias\\\/casa-magalhaes-sistema-de-informacao\\\/\",\"url\":\"https:\\\/\\\/www.casamagalhaes.com.br\\\/blog\\\/noticias\\\/casa-magalhaes-sistema-de-informacao\\\/\",\"name\":\"Casa Magalh\u00e3es participa da 18\u00b0 Semana de Sistema de Informa\u00e7\u00e3o\",\"isPartOf\":{\"@id\":\"https:\\\/\\\/www.casamagalhaes.com.br\\\/blog\\\/#website\"},\"primaryImageOfPage\":{\"@id\":\"https:\\\/\\\/www.casamagalhaes.com.br\\\/blog\\\/noticias\\\/casa-magalhaes-sistema-de-informacao\\\/#primaryimage\"},\"image\":{\"@id\":\"https:\\\/\\\/www.casamagalhaes.com.br\\\/blog\\\/noticias\\\/casa-magalhaes-sistema-de-informacao\\\/#primaryimage\"},\"thumbnailUrl\":\"https:\\\/\\\/www.casamagalhaes.com.br\\\/blog\\\/wp-content\\\/uploads\\\/2018\\\/11\\\/UNI7-Festival-de-Software-2018-19-1-e1543611168808.jpg\",\"datePublished\":\"2018-11-30T21:03:54+00:00\",\"dateModified\":\"2018-12-04T16:19:48+00:00\",\"author\":{\"@id\":\"https:\\\/\\\/www.casamagalhaes.com.br\\\/blog\\\/#\\\/schema\\\/person\\\/56c892544a618f4fc2031b11e7b05831\"},\"description\":\"A Casa Magalh\u00e3es patrocinou a 18\u00b0 edi\u00e7\u00e3o da Semana de Sistemas de Informa\u00e7\u00e3o da Uni7, em Fortaleza, que aconteceu nos dias 19 a 21 de Novembro. Confira!\",\"breadcrumb\":{\"@id\":\"https:\\\/\\\/www.casamagalhaes.com.br\\\/blog\\\/noticias\\\/casa-magalhaes-sistema-de-informacao\\\/#breadcrumb\"},\"inLanguage\":\"pt-BR\",\"potentialAction\":[{\"@type\":\"ReadAction\",\"target\":[\"https:\\\/\\\/www.casamagalhaes.com.br\\\/blog\\\/noticias\\\/casa-magalhaes-sistema-de-informacao\\\/\"]}]},{\"@type\":\"ImageObject\",\"inLanguage\":\"pt-BR\",\"@id\":\"https:\\\/\\\/www.casamagalhaes.com.br\\\/blog\\\/noticias\\\/casa-magalhaes-sistema-de-informacao\\\/#primaryimage\",\"url\":\"https:\\\/\\\/www.casamagalhaes.com.br\\\/blog\\\/wp-content\\\/uploads\\\/2018\\\/11\\\/UNI7-Festival-de-Software-2018-19-1-e1543611168808.jpg\",\"contentUrl\":\"https:\\\/\\\/www.casamagalhaes.com.br\\\/blog\\\/wp-content\\\/uploads\\\/2018\\\/11\\\/UNI7-Festival-de-Software-2018-19-1-e1543611168808.jpg\",\"width\":845,\"height\":634,\"caption\":\"Casa Magalh\u00e3es participa da 18\u00b0 Semana de Sistema de Informa\u00e7\u00e3o da Uni7\"},{\"@type\":\"BreadcrumbList\",\"@id\":\"https:\\\/\\\/www.casamagalhaes.com.br\\\/blog\\\/noticias\\\/casa-magalhaes-sistema-de-informacao\\\/#breadcrumb\",\"itemListElement\":[{\"@type\":\"ListItem\",\"position\":1,\"name\":\"In\u00edcio\",\"item\":\"https:\\\/\\\/www.casamagalhaes.com.br\\\/blog\\\/\"},{\"@type\":\"ListItem\",\"position\":2,\"name\":\"Casa Magalh\u00e3es participa da 18\u00b0 Semana de Sistema de Informa\u00e7\u00e3o da Uni7\"}]},{\"@type\":\"WebSite\",\"@id\":\"https:\\\/\\\/www.casamagalhaes.com.br\\\/blog\\\/#website\",\"url\":\"https:\\\/\\\/www.casamagalhaes.com.br\\\/blog\\\/\",\"name\":\"Blog da Casa Magalh\u00e3es\",\"description\":\"\",\"potentialAction\":[{\"@type\":\"SearchAction\",\"target\":{\"@type\":\"EntryPoint\",\"urlTemplate\":\"https:\\\/\\\/www.casamagalhaes.com.br\\\/blog\\\/?s={search_term_string}\"},\"query-input\":{\"@type\":\"PropertyValueSpecification\",\"valueRequired\":true,\"valueName\":\"search_term_string\"}}],\"inLanguage\":\"pt-BR\"},{\"@type\":\"Person\",\"@id\":\"https:\\\/\\\/www.casamagalhaes.com.br\\\/blog\\\/#\\\/schema\\\/person\\\/56c892544a618f4fc2031b11e7b05831\",\"name\":\"Casa Magalh\u00e3es\",\"description\":\"Somos um Grupo empresarial da ind\u00fastria de TI, refer\u00eancia no mercado nacional de automa\u00e7\u00e3o comercial desde 1966, composto por empresas que desenvolvem softwares integrados de gest\u00e3o empresarial e frente de loja. Possui atendimento comercial, implanta\u00e7\u00e3o e suporte em todas as capitais do Brasil atrav\u00e9s de uma ampla rede de parceiros credenciados.\",\"sameAs\":[\"http:\\\/\\\/www.casamagalhaes.com.br\",\"https:\\\/\\\/www.instagram.com\\\/grupocasamagalhaes\\\/?hl=pt-br\"]}]}<\/script>\n<!-- \/ Yoast SEO plugin. -->","yoast_head_json":{"title":"Casa Magalh\u00e3es participa da 18\u00b0 Semana de Sistema de Informa\u00e7\u00e3o","description":"A Casa Magalh\u00e3es patrocinou a 18\u00b0 edi\u00e7\u00e3o da Semana de Sistemas de Informa\u00e7\u00e3o da Uni7, em Fortaleza, que aconteceu nos dias 19 a 21 de Novembro. Confira!","robots":{"index":"index","follow":"follow","max-snippet":"max-snippet:-1","max-image-preview":"max-image-preview:large","max-video-preview":"max-video-preview:-1"},"canonical":"https:\/\/www.casamagalhaes.com.br\/blog\/noticias\/casa-magalhaes-sistema-de-informacao\/","og_locale":"pt_BR","og_type":"article","og_title":"Casa Magalh\u00e3es participa da 18\u00b0 Semana de Sistema de Informa\u00e7\u00e3o","og_description":"A Casa Magalh\u00e3es patrocinou a 18\u00b0 edi\u00e7\u00e3o da Semana de Sistemas de Informa\u00e7\u00e3o da Uni7, em Fortaleza, que aconteceu nos dias 19 a 21 de Novembro. Confira!","og_url":"https:\/\/www.casamagalhaes.com.br\/blog\/noticias\/casa-magalhaes-sistema-de-informacao\/","og_site_name":"Blog da Casa Magalh\u00e3es","article_published_time":"2018-11-30T21:03:54+00:00","article_modified_time":"2018-12-04T16:19:48+00:00","og_image":[{"width":845,"height":634,"url":"https:\/\/www.casamagalhaes.com.br\/blog\/wp-content\/uploads\/2018\/11\/UNI7-Festival-de-Software-2018-19-1-e1543611168808.jpg","type":"image\/jpeg"}],"author":"Casa Magalh\u00e3es","twitter_card":"summary_large_image","twitter_misc":{"Escrito por":"Casa Magalh\u00e3es","Est. tempo de leitura":"1 minuto"},"schema":{"@context":"https:\/\/schema.org","@graph":[{"@type":"Article","@id":"https:\/\/www.casamagalhaes.com.br\/blog\/noticias\/casa-magalhaes-sistema-de-informacao\/#article","isPartOf":{"@id":"https:\/\/www.casamagalhaes.com.br\/blog\/noticias\/casa-magalhaes-sistema-de-informacao\/"},"author":{"name":"Casa Magalh\u00e3es","@id":"https:\/\/www.casamagalhaes.com.br\/blog\/#\/schema\/person\/56c892544a618f4fc2031b11e7b05831"},"headline":"Casa Magalh\u00e3es participa da 18\u00b0 Semana de Sistema de Informa\u00e7\u00e3o da Uni7","datePublished":"2018-11-30T21:03:54+00:00","dateModified":"2018-12-04T16:19:48+00:00","mainEntityOfPage":{"@id":"https:\/\/www.casamagalhaes.com.br\/blog\/noticias\/casa-magalhaes-sistema-de-informacao\/"},"wordCount":250,"commentCount":0,"image":{"@id":"https:\/\/www.casamagalhaes.com.br\/blog\/noticias\/casa-magalhaes-sistema-de-informacao\/#primaryimage"},"thumbnailUrl":"https:\/\/www.casamagalhaes.com.br\/blog\/wp-content\/uploads\/2018\/11\/UNI7-Festival-de-Software-2018-19-1-e1543611168808.jpg","keywords":["Not\u00edcias"],"articleSection":["Not\u00edcias"],"inLanguage":"pt-BR","potentialAction":[{"@type":"CommentAction","name":"Comment","target":["https:\/\/www.casamagalhaes.com.br\/blog\/noticias\/casa-magalhaes-sistema-de-informacao\/#respond"]}]},{"@type":"WebPage","@id":"https:\/\/www.casamagalhaes.com.br\/blog\/noticias\/casa-magalhaes-sistema-de-informacao\/","url":"https:\/\/www.casamagalhaes.com.br\/blog\/noticias\/casa-magalhaes-sistema-de-informacao\/","name":"Casa Magalh\u00e3es participa da 18\u00b0 Semana de Sistema de Informa\u00e7\u00e3o","isPartOf":{"@id":"https:\/\/www.casamagalhaes.com.br\/blog\/#website"},"primaryImageOfPage":{"@id":"https:\/\/www.casamagalhaes.com.br\/blog\/noticias\/casa-magalhaes-sistema-de-informacao\/#primaryimage"},"image":{"@id":"https:\/\/www.casamagalhaes.com.br\/blog\/noticias\/casa-magalhaes-sistema-de-informacao\/#primaryimage"},"thumbnailUrl":"https:\/\/www.casamagalhaes.com.br\/blog\/wp-content\/uploads\/2018\/11\/UNI7-Festival-de-Software-2018-19-1-e1543611168808.jpg","datePublished":"2018-11-30T21:03:54+00:00","dateModified":"2018-12-04T16:19:48+00:00","author":{"@id":"https:\/\/www.casamagalhaes.com.br\/blog\/#\/schema\/person\/56c892544a618f4fc2031b11e7b05831"},"description":"A Casa Magalh\u00e3es patrocinou a 18\u00b0 edi\u00e7\u00e3o da Semana de Sistemas de Informa\u00e7\u00e3o da Uni7, em Fortaleza, que aconteceu nos dias 19 a 21 de Novembro. Confira!","breadcrumb":{"@id":"https:\/\/www.casamagalhaes.com.br\/blog\/noticias\/casa-magalhaes-sistema-de-informacao\/#breadcrumb"},"inLanguage":"pt-BR","potentialAction":[{"@type":"ReadAction","target":["https:\/\/www.casamagalhaes.com.br\/blog\/noticias\/casa-magalhaes-sistema-de-informacao\/"]}]},{"@type":"ImageObject","inLanguage":"pt-BR","@id":"https:\/\/www.casamagalhaes.com.br\/blog\/noticias\/casa-magalhaes-sistema-de-informacao\/#primaryimage","url":"https:\/\/www.casamagalhaes.com.br\/blog\/wp-content\/uploads\/2018\/11\/UNI7-Festival-de-Software-2018-19-1-e1543611168808.jpg","contentUrl":"https:\/\/www.casamagalhaes.com.br\/blog\/wp-content\/uploads\/2018\/11\/UNI7-Festival-de-Software-2018-19-1-e1543611168808.jpg","width":845,"height":634,"caption":"Casa Magalh\u00e3es participa da 18\u00b0 Semana de Sistema de Informa\u00e7\u00e3o da Uni7"},{"@type":"BreadcrumbList","@id":"https:\/\/www.casamagalhaes.com.br\/blog\/noticias\/casa-magalhaes-sistema-de-informacao\/#breadcrumb","itemListElement":[{"@type":"ListItem","position":1,"name":"In\u00edcio","item":"https:\/\/www.casamagalhaes.com.br\/blog\/"},{"@type":"ListItem","position":2,"name":"Casa Magalh\u00e3es participa da 18\u00b0 Semana de Sistema de Informa\u00e7\u00e3o da Uni7"}]},{"@type":"WebSite","@id":"https:\/\/www.casamagalhaes.com.br\/blog\/#website","url":"https:\/\/www.casamagalhaes.com.br\/blog\/","name":"Blog da Casa Magalh\u00e3es","description":"","potentialAction":[{"@type":"SearchAction","target":{"@type":"EntryPoint","urlTemplate":"https:\/\/www.casamagalhaes.com.br\/blog\/?s={search_term_string}"},"query-input":{"@type":"PropertyValueSpecification","valueRequired":true,"valueName":"search_term_string"}}],"inLanguage":"pt-BR"},{"@type":"Person","@id":"https:\/\/www.casamagalhaes.com.br\/blog\/#\/schema\/person\/56c892544a618f4fc2031b11e7b05831","name":"Casa Magalh\u00e3es","description":"Somos um Grupo empresarial da ind\u00fastria de TI, refer\u00eancia no mercado nacional de automa\u00e7\u00e3o comercial desde 1966, composto por empresas que desenvolvem softwares integrados de gest\u00e3o empresarial e frente de loja. Possui atendimento comercial, implanta\u00e7\u00e3o e suporte em todas as capitais do Brasil atrav\u00e9s de uma ampla rede de parceiros credenciados.","sameAs":["http:\/\/www.casamagalhaes.com.br","https:\/\/www.instagram.com\/grupocasamagalhaes\/?hl=pt-br"]}]}},"_links":{"self":[{"href":"https:\/\/www.casamagalhaes.com.br\/blog\/wp-json\/wp\/v2\/posts\/4573","targetHints":{"allow":["GET"]}}],"collection":[{"href":"https:\/\/www.casamagalhaes.com.br\/blog\/wp-json\/wp\/v2\/posts"}],"about":[{"href":"https:\/\/www.casamagalhaes.com.br\/blog\/wp-json\/wp\/v2\/types\/post"}],"author":[{"embeddable":true,"href":"https:\/\/www.casamagalhaes.com.br\/blog\/wp-json\/wp\/v2\/users\/3"}],"replies":[{"embeddable":true,"href":"https:\/\/www.casamagalhaes.com.br\/blog\/wp-json\/wp\/v2\/comments?post=4573"}],"version-history":[{"count":6,"href":"https:\/\/www.casamagalhaes.com.br\/blog\/wp-json\/wp\/v2\/posts\/4573\/revisions"}],"predecessor-version":[{"id":4597,"href":"https:\/\/www.casamagalhaes.com.br\/blog\/wp-json\/wp\/v2\/posts\/4573\/revisions\/4597"}],"wp:featuredmedia":[{"embeddable":true,"href":"https:\/\/www.casamagalhaes.com.br\/blog\/wp-json\/wp\/v2\/media\/4586"}],"wp:attachment":[{"href":"https:\/\/www.casamagalhaes.com.br\/blog\/wp-json\/wp\/v2\/media?parent=4573"}],"wp:term":[{"taxonomy":"category","embeddable":true,"href":"https:\/\/www.casamagalhaes.com.br\/blog\/wp-json\/wp\/v2\/categories?post=4573"},{"taxonomy":"post_tag","embeddable":true,"href":"https:\/\/www.casamagalhaes.com.br\/blog\/wp-json\/wp\/v2\/tags?post=4573"}],"curies":[{"name":"wp","href":"https:\/\/api.w.org\/{rel}","templated":true}]}}