{"id":2836,"date":"2017-11-17T15:27:26","date_gmt":"2017-11-17T18:27:26","guid":{"rendered":"https:\/\/www.casamagalhaes.com.br\/blog\/?p=2836"},"modified":"2018-11-13T11:54:40","modified_gmt":"2018-11-13T14:54:40","slug":"expectativas-para-o-fim-de-ano-varejo","status":"publish","type":"post","link":"https:\/\/www.casamagalhaes.com.br\/blog\/supermercado-e-varejo\/expectativas-para-o-fim-de-ano-varejo\/","title":{"rendered":"Expectativas para o fim de ano do varejo: saiba o que esperar!"},"content":{"rendered":"<p>O fim do ano j\u00e1 chegou e com ele veio, tamb\u00e9m, uma oportunidade de incrementar os resultados de vendas no com\u00e9rcio. At\u00e9 o momento, o ano de 2017 apresentou uma leve retomada no crescimento econ\u00f4mico, gerando certo otimismo para o com\u00e9rcio, mas se voc\u00ea quer saber quais as reais expectativas para o fim de ano do varejo continue lendo e saiba o que esperar deste per\u00edodo.<\/p>\n<h2><b>Como andam as expectativas para o fim de ano?<\/b><\/h2>\n<h3>Recupera\u00e7\u00e3o da economia: ainda n\u00e3o h\u00e1 um consenso.<\/h3>\n<p>Antes de falarmos sobre o que podemos esperar para o \u00faltimo trimestre de 2017, precisamos compreender a atual situa\u00e7\u00e3o.\u00a0<span style=\"font-weight: 400;\">Os \u00faltimos dados apresentados pelo <\/span><a href=\"https:\/\/www.ibge.gov.br\/\"><span style=\"font-weight: 400;\">IBGE<\/span><\/a><span style=\"font-weight: 400;\"> apontaram um crescimento econ\u00f4mico de de 0,2% no segundo trimestre do ano, um aumento de 0,3% em rela\u00e7\u00e3o ao mesmo per\u00edodo do ano anterior. <\/span><\/p>\n<p><span style=\"font-weight: 400;\">Economistas afirmam que este resultado aponta sinais de recupera\u00e7\u00e3o para a economia. Entretanto, para o IBGE esta varia\u00e7\u00e3o positiva n\u00e3o pode ser tratada como recupera\u00e7\u00e3o ou crescimento, uma vez que para o Instituto esta afirma\u00e7\u00e3o requer um crescimento superior a 0,5%.<\/span><\/p>\n<p><span style=\"font-weight: 400;\">Quando falamos especificamente do varejo, os dados do IBGE apontaram uma alta de 3,6% em agosto, o 5\u00ba crescimento consecutivo e melhor resultado desde 2014. <\/span><\/p>\n<p><span style=\"font-weight: 400;\">Apesar da falta de consenso entre os especialistas, essa leve retomada do crescimento econ\u00f4mico tem deixados muitos varejistas otimistas com as expectativas para o fim de ano, quando comparado aos anos anteriores. <\/span><\/p>\n<h3>Contrata\u00e7\u00f5es: especialistas est\u00e3o positivos, empres\u00e1rios nem tanto.<\/h3>\n<p><span style=\"font-weight: 400;\">De acordo com o <\/span><a href=\"https:\/\/servicos.spc.org.br\/spc\/controleacesso\/autenticacao\/entry.action\"><span style=\"font-weight: 400;\">SPC Brasil <\/span><\/a><span style=\"font-weight: 400;\">e a <\/span><a href=\"http:\/\/site.cndl.org.br\/\"><span style=\"font-weight: 400;\">Confedera\u00e7\u00e3o Nacional de Dirigentes Lojistas <\/span><\/a><span style=\"font-weight: 400;\">(CNDL) o varejo dever\u00e1 criar 51 mil vagas at\u00e9 o final do ano.\u00a0<\/span><span style=\"font-weight: 400;\">J\u00e1 a <\/span><a href=\"http:\/\/cnc.org.br\/\"><span style=\"font-weight: 400;\">Confedera\u00e7\u00e3o Nacional do do Com\u00e9rcio de Bens, Servi\u00e7os e Turismo<\/span><\/a><span style=\"font-weight: 400;\"> (CNC) est\u00e1 mais otimista em rela\u00e7\u00e3o ao assunto, prevendo o surgimento de 73,1 mil vagas tempor\u00e1rias no com\u00e9rcio.<\/span><\/p>\n<p><span style=\"font-weight: 400;\">Apesar dos especialistas estarem positivos quanto ao surgimento de novos empregos, um levantamento realizado pelo SPC Brasil e a CNDL apontou um pessimismo, por parte dos empres\u00e1rios, a respeito de contrata\u00e7\u00f5es.<\/span><\/p>\n<p><span style=\"font-weight: 400;\">Oito em cada dez empres\u00e1rios, um total de 82% dos entrevistados, n\u00e3o pretendem abrir vagas para o fim do ano. Deste total, 33% dos respondentes afirmam que n\u00e3o ir\u00e3o contratar por falta de confian\u00e7a no cen\u00e1rio econ\u00f4mico e pol\u00edtico do pa\u00eds. <\/span><\/p>\n<h3>Vendas: os clientes est\u00e3o voltando as compras, mas com cautela.<\/h3>\n<p><span style=\"font-weight: 400;\">Apesar da falta de consenso dos especialistas e da desconfian\u00e7a do com\u00e9rcio, os clientes t\u00eam voltado \u00e0s lojas, mesmo que de maneira cautelosa.\u00a0<\/span><span style=\"font-weight: 400;\">Proje\u00e7\u00f5es do CNC apontam uma expectativa de crescimento de 4,3% nas vendas de natal e ano novo, uma alta que representa uma movimenta\u00e7\u00e3o de R$ 34,3 bilh\u00f5es at\u00e9 dezembro. <\/span><\/p>\n<p><span style=\"font-weight: 400;\">A Confedera\u00e7\u00e3o prev\u00ea, ainda, que cada pessoa dever\u00e1 gastar em m\u00e9dia R$ 82,50 nas compras de fim de ano, um gasto superior aos R$ 78,60 do ano anterior. \u00a0<\/span><\/p>\n<p><span style=\"font-weight: 400;\">Esta expectativas para o fim de ano segue o comportamento de consumo do dia das crian\u00e7as, onde 75,3% dos brasileiros apontaram inten\u00e7\u00e3o de compra. Entretanto, 58% dos consumidores afirmaram que gastariam menos, demonstrando mais cautela na hora da compra. <\/span><\/p>\n<p><span style=\"font-weight: 400;\">Se as expectativas se confirmarem podemos esperar resultados positivos para o fim de ano do varejo. Agora basta preparar o seu estabelecimento para as vendas de Natal e Ano Novo e conferir algumas <a target=\"_blank\" href=\"https:\/\/www.casamagalhaes.com.br\/blog\/marketing\/pdv-para-o-fim-de-ano\/\">dicas que preparamos para voc\u00ea organizar seu ponto de venda para esta data.<\/a>\u00a0<\/span><\/p>\n<p><span style=\"font-weight: 400;\">Aproveite para assinar nossa newsletter preenchendo o formul\u00e1rio abaixo e fique por dentro das novidades e dicas do nosso blog!<\/span><\/p>\n<div id=\"cta-rodape-post-blog-cadastro-newsletter-5225678ea3f96bcfaa68\"><\/div>\n<p><script src=\"https:\/\/d335luupugsy2.cloudfront.net\/js\/rdstation-forms\/stable\/rdstation-forms.min.js\" type=\"text\/javascript\"><\/script><br \/>\n<script type=\"text\/javascript\">\/\/ <![CDATA[\nnew RDStationForms('cta-rodape-post-blog-cadastro-newsletter-5225678ea3f96bcfaa68-html', 'UA-45095125-1').createForm();\n\/\/ ]]><\/script><\/p>\n","protected":false},"excerpt":{"rendered":"<p>O final do ano remete a festas, uni\u00e3o e celebra\u00e7\u00e3o, e para o com\u00e9rcio, \u00e9 tamb\u00e9m uma excelente oportunidade de incrementar os resultados nas vendas. Descubra quais s\u00e3o as expectativas para o fim de ano do varejo.<\/p>\n","protected":false},"author":3,"featured_media":3802,"comment_status":"open","ping_status":"open","sticky":false,"template":"","format":"standard","meta":{"_acf_changed":false,"episode_type":"","audio_file":"","podmotor_file_id":"","podmotor_episode_id":"","cover_image":"","cover_image_id":"","duration":"","filesize":"","filesize_raw":"","date_recorded":"","explicit":"","block":"","itunes_episode_number":"","itunes_title":"","itunes_season_number":"","itunes_episode_type":"","ngg_post_thumbnail":0,"footnotes":""},"categories":[161],"tags":[167,189,130],"class_list":["post-2836","post","type-post","status-publish","format-standard","has-post-thumbnail","hentry","category-supermercado-e-varejo","tag-datas-comemorativas","tag-fim-de-ano","tag-supermercados"],"acf":[],"yoast_head":"<!-- This site is optimized with the Yoast SEO plugin v27.5 - https:\/\/yoast.com\/product\/yoast-seo-wordpress\/ -->\n<title>Expectativas para o fim de ano do varejo: saiba o que esperar!<\/title>\n<meta name=\"description\" content=\"O fim do ano chegou e como ele, uma oportunidade de incrementar os resultados da suas vendas. Saiba como andam as expectativas para o fim de ano do varejo.\" \/>\n<meta name=\"robots\" content=\"index, follow, max-snippet:-1, max-image-preview:large, max-video-preview:-1\" \/>\n<link rel=\"canonical\" href=\"https:\/\/www.casamagalhaes.com.br\/blog\/supermercado-e-varejo\/expectativas-para-o-fim-de-ano-varejo\/\" \/>\n<meta property=\"og:locale\" content=\"pt_BR\" \/>\n<meta property=\"og:type\" content=\"article\" \/>\n<meta property=\"og:title\" content=\"Expectativas para o fim de ano do varejo: saiba o que esperar!\" \/>\n<meta property=\"og:description\" content=\"O fim do ano chegou e como ele, uma oportunidade de incrementar os resultados da suas vendas. Saiba como andam as expectativas para o fim de ano do varejo.\" \/>\n<meta property=\"og:url\" content=\"https:\/\/www.casamagalhaes.com.br\/blog\/supermercado-e-varejo\/expectativas-para-o-fim-de-ano-varejo\/\" \/>\n<meta property=\"og:site_name\" content=\"Blog da Casa Magalh\u00e3es\" \/>\n<meta property=\"article:published_time\" content=\"2017-11-17T18:27:26+00:00\" \/>\n<meta property=\"article:modified_time\" content=\"2018-11-13T14:54:40+00:00\" \/>\n<meta property=\"og:image\" content=\"https:\/\/www.casamagalhaes.com.br\/blog\/wp-content\/uploads\/2017\/11\/expectativas-para-o-fim-de-ano-varejo.png\" \/>\n\t<meta property=\"og:image:width\" content=\"845\" \/>\n\t<meta property=\"og:image:height\" content=\"549\" \/>\n\t<meta property=\"og:image:type\" content=\"image\/png\" \/>\n<meta name=\"author\" content=\"Casa Magalh\u00e3es\" \/>\n<meta name=\"twitter:card\" content=\"summary_large_image\" \/>\n<meta name=\"twitter:label1\" content=\"Escrito por\" \/>\n\t<meta name=\"twitter:data1\" content=\"Casa Magalh\u00e3es\" \/>\n\t<meta name=\"twitter:label2\" content=\"Est. tempo de leitura\" \/>\n\t<meta name=\"twitter:data2\" content=\"3 minutos\" \/>\n<script type=\"application\/ld+json\" class=\"yoast-schema-graph\">{\"@context\":\"https:\\\/\\\/schema.org\",\"@graph\":[{\"@type\":\"Article\",\"@id\":\"https:\\\/\\\/www.casamagalhaes.com.br\\\/blog\\\/supermercado-e-varejo\\\/expectativas-para-o-fim-de-ano-varejo\\\/#article\",\"isPartOf\":{\"@id\":\"https:\\\/\\\/www.casamagalhaes.com.br\\\/blog\\\/supermercado-e-varejo\\\/expectativas-para-o-fim-de-ano-varejo\\\/\"},\"author\":{\"name\":\"Casa Magalh\u00e3es\",\"@id\":\"https:\\\/\\\/www.casamagalhaes.com.br\\\/blog\\\/#\\\/schema\\\/person\\\/56c892544a618f4fc2031b11e7b05831\"},\"headline\":\"Expectativas para o fim de ano do varejo: saiba o que esperar!\",\"datePublished\":\"2017-11-17T18:27:26+00:00\",\"dateModified\":\"2018-11-13T14:54:40+00:00\",\"mainEntityOfPage\":{\"@id\":\"https:\\\/\\\/www.casamagalhaes.com.br\\\/blog\\\/supermercado-e-varejo\\\/expectativas-para-o-fim-de-ano-varejo\\\/\"},\"wordCount\":604,\"commentCount\":0,\"image\":{\"@id\":\"https:\\\/\\\/www.casamagalhaes.com.br\\\/blog\\\/supermercado-e-varejo\\\/expectativas-para-o-fim-de-ano-varejo\\\/#primaryimage\"},\"thumbnailUrl\":\"https:\\\/\\\/www.casamagalhaes.com.br\\\/blog\\\/wp-content\\\/uploads\\\/2017\\\/11\\\/expectativas-para-o-fim-de-ano-varejo.png\",\"keywords\":[\"Datas comemorativas\",\"Fim de ano\",\"Supermercado e Varejo\"],\"articleSection\":[\"Supermercados e Varejo\"],\"inLanguage\":\"pt-BR\",\"potentialAction\":[{\"@type\":\"CommentAction\",\"name\":\"Comment\",\"target\":[\"https:\\\/\\\/www.casamagalhaes.com.br\\\/blog\\\/supermercado-e-varejo\\\/expectativas-para-o-fim-de-ano-varejo\\\/#respond\"]}]},{\"@type\":\"WebPage\",\"@id\":\"https:\\\/\\\/www.casamagalhaes.com.br\\\/blog\\\/supermercado-e-varejo\\\/expectativas-para-o-fim-de-ano-varejo\\\/\",\"url\":\"https:\\\/\\\/www.casamagalhaes.com.br\\\/blog\\\/supermercado-e-varejo\\\/expectativas-para-o-fim-de-ano-varejo\\\/\",\"name\":\"Expectativas para o fim de ano do varejo: saiba o que esperar!\",\"isPartOf\":{\"@id\":\"https:\\\/\\\/www.casamagalhaes.com.br\\\/blog\\\/#website\"},\"primaryImageOfPage\":{\"@id\":\"https:\\\/\\\/www.casamagalhaes.com.br\\\/blog\\\/supermercado-e-varejo\\\/expectativas-para-o-fim-de-ano-varejo\\\/#primaryimage\"},\"image\":{\"@id\":\"https:\\\/\\\/www.casamagalhaes.com.br\\\/blog\\\/supermercado-e-varejo\\\/expectativas-para-o-fim-de-ano-varejo\\\/#primaryimage\"},\"thumbnailUrl\":\"https:\\\/\\\/www.casamagalhaes.com.br\\\/blog\\\/wp-content\\\/uploads\\\/2017\\\/11\\\/expectativas-para-o-fim-de-ano-varejo.png\",\"datePublished\":\"2017-11-17T18:27:26+00:00\",\"dateModified\":\"2018-11-13T14:54:40+00:00\",\"author\":{\"@id\":\"https:\\\/\\\/www.casamagalhaes.com.br\\\/blog\\\/#\\\/schema\\\/person\\\/56c892544a618f4fc2031b11e7b05831\"},\"description\":\"O fim do ano chegou e como ele, uma oportunidade de incrementar os resultados da suas vendas. Saiba como andam as expectativas para o fim de ano do varejo.\",\"breadcrumb\":{\"@id\":\"https:\\\/\\\/www.casamagalhaes.com.br\\\/blog\\\/supermercado-e-varejo\\\/expectativas-para-o-fim-de-ano-varejo\\\/#breadcrumb\"},\"inLanguage\":\"pt-BR\",\"potentialAction\":[{\"@type\":\"ReadAction\",\"target\":[\"https:\\\/\\\/www.casamagalhaes.com.br\\\/blog\\\/supermercado-e-varejo\\\/expectativas-para-o-fim-de-ano-varejo\\\/\"]}]},{\"@type\":\"ImageObject\",\"inLanguage\":\"pt-BR\",\"@id\":\"https:\\\/\\\/www.casamagalhaes.com.br\\\/blog\\\/supermercado-e-varejo\\\/expectativas-para-o-fim-de-ano-varejo\\\/#primaryimage\",\"url\":\"https:\\\/\\\/www.casamagalhaes.com.br\\\/blog\\\/wp-content\\\/uploads\\\/2017\\\/11\\\/expectativas-para-o-fim-de-ano-varejo.png\",\"contentUrl\":\"https:\\\/\\\/www.casamagalhaes.com.br\\\/blog\\\/wp-content\\\/uploads\\\/2017\\\/11\\\/expectativas-para-o-fim-de-ano-varejo.png\",\"width\":845,\"height\":549},{\"@type\":\"BreadcrumbList\",\"@id\":\"https:\\\/\\\/www.casamagalhaes.com.br\\\/blog\\\/supermercado-e-varejo\\\/expectativas-para-o-fim-de-ano-varejo\\\/#breadcrumb\",\"itemListElement\":[{\"@type\":\"ListItem\",\"position\":1,\"name\":\"In\u00edcio\",\"item\":\"https:\\\/\\\/www.casamagalhaes.com.br\\\/blog\\\/\"},{\"@type\":\"ListItem\",\"position\":2,\"name\":\"Expectativas para o fim de ano do varejo: saiba o que esperar!\"}]},{\"@type\":\"WebSite\",\"@id\":\"https:\\\/\\\/www.casamagalhaes.com.br\\\/blog\\\/#website\",\"url\":\"https:\\\/\\\/www.casamagalhaes.com.br\\\/blog\\\/\",\"name\":\"Blog da Casa Magalh\u00e3es\",\"description\":\"\",\"potentialAction\":[{\"@type\":\"SearchAction\",\"target\":{\"@type\":\"EntryPoint\",\"urlTemplate\":\"https:\\\/\\\/www.casamagalhaes.com.br\\\/blog\\\/?s={search_term_string}\"},\"query-input\":{\"@type\":\"PropertyValueSpecification\",\"valueRequired\":true,\"valueName\":\"search_term_string\"}}],\"inLanguage\":\"pt-BR\"},{\"@type\":\"Person\",\"@id\":\"https:\\\/\\\/www.casamagalhaes.com.br\\\/blog\\\/#\\\/schema\\\/person\\\/56c892544a618f4fc2031b11e7b05831\",\"name\":\"Casa Magalh\u00e3es\",\"description\":\"Somos um Grupo empresarial da ind\u00fastria de TI, refer\u00eancia no mercado nacional de automa\u00e7\u00e3o comercial desde 1966, composto por empresas que desenvolvem softwares integrados de gest\u00e3o empresarial e frente de loja. Possui atendimento comercial, implanta\u00e7\u00e3o e suporte em todas as capitais do Brasil atrav\u00e9s de uma ampla rede de parceiros credenciados.\",\"sameAs\":[\"http:\\\/\\\/www.casamagalhaes.com.br\",\"https:\\\/\\\/www.instagram.com\\\/grupocasamagalhaes\\\/?hl=pt-br\"]}]}<\/script>\n<!-- \/ Yoast SEO plugin. -->","yoast_head_json":{"title":"Expectativas para o fim de ano do varejo: saiba o que esperar!","description":"O fim do ano chegou e como ele, uma oportunidade de incrementar os resultados da suas vendas. Saiba como andam as expectativas para o fim de ano do varejo.","robots":{"index":"index","follow":"follow","max-snippet":"max-snippet:-1","max-image-preview":"max-image-preview:large","max-video-preview":"max-video-preview:-1"},"canonical":"https:\/\/www.casamagalhaes.com.br\/blog\/supermercado-e-varejo\/expectativas-para-o-fim-de-ano-varejo\/","og_locale":"pt_BR","og_type":"article","og_title":"Expectativas para o fim de ano do varejo: saiba o que esperar!","og_description":"O fim do ano chegou e como ele, uma oportunidade de incrementar os resultados da suas vendas. Saiba como andam as expectativas para o fim de ano do varejo.","og_url":"https:\/\/www.casamagalhaes.com.br\/blog\/supermercado-e-varejo\/expectativas-para-o-fim-de-ano-varejo\/","og_site_name":"Blog da Casa Magalh\u00e3es","article_published_time":"2017-11-17T18:27:26+00:00","article_modified_time":"2018-11-13T14:54:40+00:00","og_image":[{"width":845,"height":549,"url":"https:\/\/www.casamagalhaes.com.br\/blog\/wp-content\/uploads\/2017\/11\/expectativas-para-o-fim-de-ano-varejo.png","type":"image\/png"}],"author":"Casa Magalh\u00e3es","twitter_card":"summary_large_image","twitter_misc":{"Escrito por":"Casa Magalh\u00e3es","Est. tempo de leitura":"3 minutos"},"schema":{"@context":"https:\/\/schema.org","@graph":[{"@type":"Article","@id":"https:\/\/www.casamagalhaes.com.br\/blog\/supermercado-e-varejo\/expectativas-para-o-fim-de-ano-varejo\/#article","isPartOf":{"@id":"https:\/\/www.casamagalhaes.com.br\/blog\/supermercado-e-varejo\/expectativas-para-o-fim-de-ano-varejo\/"},"author":{"name":"Casa Magalh\u00e3es","@id":"https:\/\/www.casamagalhaes.com.br\/blog\/#\/schema\/person\/56c892544a618f4fc2031b11e7b05831"},"headline":"Expectativas para o fim de ano do varejo: saiba o que esperar!","datePublished":"2017-11-17T18:27:26+00:00","dateModified":"2018-11-13T14:54:40+00:00","mainEntityOfPage":{"@id":"https:\/\/www.casamagalhaes.com.br\/blog\/supermercado-e-varejo\/expectativas-para-o-fim-de-ano-varejo\/"},"wordCount":604,"commentCount":0,"image":{"@id":"https:\/\/www.casamagalhaes.com.br\/blog\/supermercado-e-varejo\/expectativas-para-o-fim-de-ano-varejo\/#primaryimage"},"thumbnailUrl":"https:\/\/www.casamagalhaes.com.br\/blog\/wp-content\/uploads\/2017\/11\/expectativas-para-o-fim-de-ano-varejo.png","keywords":["Datas comemorativas","Fim de ano","Supermercado e Varejo"],"articleSection":["Supermercados e Varejo"],"inLanguage":"pt-BR","potentialAction":[{"@type":"CommentAction","name":"Comment","target":["https:\/\/www.casamagalhaes.com.br\/blog\/supermercado-e-varejo\/expectativas-para-o-fim-de-ano-varejo\/#respond"]}]},{"@type":"WebPage","@id":"https:\/\/www.casamagalhaes.com.br\/blog\/supermercado-e-varejo\/expectativas-para-o-fim-de-ano-varejo\/","url":"https:\/\/www.casamagalhaes.com.br\/blog\/supermercado-e-varejo\/expectativas-para-o-fim-de-ano-varejo\/","name":"Expectativas para o fim de ano do varejo: saiba o que esperar!","isPartOf":{"@id":"https:\/\/www.casamagalhaes.com.br\/blog\/#website"},"primaryImageOfPage":{"@id":"https:\/\/www.casamagalhaes.com.br\/blog\/supermercado-e-varejo\/expectativas-para-o-fim-de-ano-varejo\/#primaryimage"},"image":{"@id":"https:\/\/www.casamagalhaes.com.br\/blog\/supermercado-e-varejo\/expectativas-para-o-fim-de-ano-varejo\/#primaryimage"},"thumbnailUrl":"https:\/\/www.casamagalhaes.com.br\/blog\/wp-content\/uploads\/2017\/11\/expectativas-para-o-fim-de-ano-varejo.png","datePublished":"2017-11-17T18:27:26+00:00","dateModified":"2018-11-13T14:54:40+00:00","author":{"@id":"https:\/\/www.casamagalhaes.com.br\/blog\/#\/schema\/person\/56c892544a618f4fc2031b11e7b05831"},"description":"O fim do ano chegou e como ele, uma oportunidade de incrementar os resultados da suas vendas. Saiba como andam as expectativas para o fim de ano do varejo.","breadcrumb":{"@id":"https:\/\/www.casamagalhaes.com.br\/blog\/supermercado-e-varejo\/expectativas-para-o-fim-de-ano-varejo\/#breadcrumb"},"inLanguage":"pt-BR","potentialAction":[{"@type":"ReadAction","target":["https:\/\/www.casamagalhaes.com.br\/blog\/supermercado-e-varejo\/expectativas-para-o-fim-de-ano-varejo\/"]}]},{"@type":"ImageObject","inLanguage":"pt-BR","@id":"https:\/\/www.casamagalhaes.com.br\/blog\/supermercado-e-varejo\/expectativas-para-o-fim-de-ano-varejo\/#primaryimage","url":"https:\/\/www.casamagalhaes.com.br\/blog\/wp-content\/uploads\/2017\/11\/expectativas-para-o-fim-de-ano-varejo.png","contentUrl":"https:\/\/www.casamagalhaes.com.br\/blog\/wp-content\/uploads\/2017\/11\/expectativas-para-o-fim-de-ano-varejo.png","width":845,"height":549},{"@type":"BreadcrumbList","@id":"https:\/\/www.casamagalhaes.com.br\/blog\/supermercado-e-varejo\/expectativas-para-o-fim-de-ano-varejo\/#breadcrumb","itemListElement":[{"@type":"ListItem","position":1,"name":"In\u00edcio","item":"https:\/\/www.casamagalhaes.com.br\/blog\/"},{"@type":"ListItem","position":2,"name":"Expectativas para o fim de ano do varejo: saiba o que esperar!"}]},{"@type":"WebSite","@id":"https:\/\/www.casamagalhaes.com.br\/blog\/#website","url":"https:\/\/www.casamagalhaes.com.br\/blog\/","name":"Blog da Casa Magalh\u00e3es","description":"","potentialAction":[{"@type":"SearchAction","target":{"@type":"EntryPoint","urlTemplate":"https:\/\/www.casamagalhaes.com.br\/blog\/?s={search_term_string}"},"query-input":{"@type":"PropertyValueSpecification","valueRequired":true,"valueName":"search_term_string"}}],"inLanguage":"pt-BR"},{"@type":"Person","@id":"https:\/\/www.casamagalhaes.com.br\/blog\/#\/schema\/person\/56c892544a618f4fc2031b11e7b05831","name":"Casa Magalh\u00e3es","description":"Somos um Grupo empresarial da ind\u00fastria de TI, refer\u00eancia no mercado nacional de automa\u00e7\u00e3o comercial desde 1966, composto por empresas que desenvolvem softwares integrados de gest\u00e3o empresarial e frente de loja. Possui atendimento comercial, implanta\u00e7\u00e3o e suporte em todas as capitais do Brasil atrav\u00e9s de uma ampla rede de parceiros credenciados.","sameAs":["http:\/\/www.casamagalhaes.com.br","https:\/\/www.instagram.com\/grupocasamagalhaes\/?hl=pt-br"]}]}},"_links":{"self":[{"href":"https:\/\/www.casamagalhaes.com.br\/blog\/wp-json\/wp\/v2\/posts\/2836","targetHints":{"allow":["GET"]}}],"collection":[{"href":"https:\/\/www.casamagalhaes.com.br\/blog\/wp-json\/wp\/v2\/posts"}],"about":[{"href":"https:\/\/www.casamagalhaes.com.br\/blog\/wp-json\/wp\/v2\/types\/post"}],"author":[{"embeddable":true,"href":"https:\/\/www.casamagalhaes.com.br\/blog\/wp-json\/wp\/v2\/users\/3"}],"replies":[{"embeddable":true,"href":"https:\/\/www.casamagalhaes.com.br\/blog\/wp-json\/wp\/v2\/comments?post=2836"}],"version-history":[{"count":8,"href":"https:\/\/www.casamagalhaes.com.br\/blog\/wp-json\/wp\/v2\/posts\/2836\/revisions"}],"predecessor-version":[{"id":4475,"href":"https:\/\/www.casamagalhaes.com.br\/blog\/wp-json\/wp\/v2\/posts\/2836\/revisions\/4475"}],"wp:featuredmedia":[{"embeddable":true,"href":"https:\/\/www.casamagalhaes.com.br\/blog\/wp-json\/wp\/v2\/media\/3802"}],"wp:attachment":[{"href":"https:\/\/www.casamagalhaes.com.br\/blog\/wp-json\/wp\/v2\/media?parent=2836"}],"wp:term":[{"taxonomy":"category","embeddable":true,"href":"https:\/\/www.casamagalhaes.com.br\/blog\/wp-json\/wp\/v2\/categories?post=2836"},{"taxonomy":"post_tag","embeddable":true,"href":"https:\/\/www.casamagalhaes.com.br\/blog\/wp-json\/wp\/v2\/tags?post=2836"}],"curies":[{"name":"wp","href":"https:\/\/api.w.org\/{rel}","templated":true}]}}