{"id":2348,"date":"2017-09-05T13:53:24","date_gmt":"2017-09-05T16:53:24","guid":{"rendered":"https:\/\/www.casamagalhaes.com.br\/blog\/?p=2348"},"modified":"2018-07-13T13:21:07","modified_gmt":"2018-07-13T16:21:07","slug":"data-da-black-friday","status":"publish","type":"post","link":"https:\/\/www.casamagalhaes.com.br\/blog\/tendencias-de-mercado\/data-da-black-friday\/","title":{"rendered":"A data da Black Friday vai mudar? Entenda o que est\u00e1 acontecendo! ?"},"content":{"rendered":"<p><span style=\"font-weight: 400;\">A<\/span><i><span style=\"font-weight: 400;\"> Black Friday<\/span><\/i><span style=\"font-weight: 400;\">, uma um dos momentos mais importantes para o segundo semestre dos varejistas &#8211; em especial para os que atuam no e-commerce &#8211; \u00e9 realizada tradicionalmente na \u00faltima sexta feira de novembro e nos dias que precedem ou antecedem este evento. Entretanto, a data da\u00a0<\/span><i><span style=\"font-weight: 400;\">Black Friday<\/span><\/i><span style=\"font-weight: 400;\"> como conhecemos <strong>pode estar com os dias contados<\/strong>! <\/span><\/p>\n<p><span style=\"font-weight: 400;\">Se voc\u00ea se assustou com o t\u00edtulo desse artigo ou n\u00e3o tem ideia do que estamos falando, fique calmo! Continue lendo que n\u00f3s vamos explicar tudo que est\u00e1 acontecendo. <\/span><\/p>\n<div id=\"ez-toc-container\" class=\"ez-toc-v2_0_82_2 counter-hierarchy ez-toc-counter ez-toc-light-blue ez-toc-container-direction\">\n<div class=\"ez-toc-title-container\">\n<p class=\"ez-toc-title\" style=\"cursor:inherit\">Navegue pelo conte\u00fado<\/p>\n<span class=\"ez-toc-title-toggle\"><a href=\"#\" class=\"ez-toc-pull-right ez-toc-btn ez-toc-btn-xs ez-toc-btn-default ez-toc-toggle\" aria-label=\"Alternar tabela de conte\u00fado\"><span class=\"ez-toc-js-icon-con\"><span class=\"\"><span class=\"eztoc-hide\" style=\"display:none;\">Toggle<\/span><span class=\"ez-toc-icon-toggle-span\"><svg style=\"fill: #999;color:#999\" xmlns=\"http:\/\/www.w3.org\/2000\/svg\" class=\"list-377408\" width=\"20px\" height=\"20px\" viewBox=\"0 0 24 24\" fill=\"none\"><path d=\"M6 6H4v2h2V6zm14 0H8v2h12V6zM4 11h2v2H4v-2zm16 0H8v2h12v-2zM4 16h2v2H4v-2zm16 0H8v2h12v-2z\" fill=\"currentColor\"><\/path><\/svg><svg style=\"fill: #999;color:#999\" class=\"arrow-unsorted-368013\" xmlns=\"http:\/\/www.w3.org\/2000\/svg\" width=\"10px\" height=\"10px\" viewBox=\"0 0 24 24\" version=\"1.2\" baseProfile=\"tiny\"><path d=\"M18.2 9.3l-6.2-6.3-6.2 6.3c-.2.2-.3.4-.3.7s.1.5.3.7c.2.2.4.3.7.3h11c.3 0 .5-.1.7-.3.2-.2.3-.5.3-.7s-.1-.5-.3-.7zM5.8 14.7l6.2 6.3 6.2-6.3c.2-.2.3-.5.3-.7s-.1-.5-.3-.7c-.2-.2-.4-.3-.7-.3h-11c-.3 0-.5.1-.7.3-.2.2-.3.5-.3.7s.1.5.3.7z\"\/><\/svg><\/span><\/span><\/span><\/a><\/span><\/div>\n<nav><ul class='ez-toc-list ez-toc-list-level-1 ' ><li class='ez-toc-page-1 ez-toc-heading-level-2'><a class=\"ez-toc-link ez-toc-heading-1\" href=\"https:\/\/www.casamagalhaes.com.br\/blog\/tendencias-de-mercado\/data-da-black-friday\/#Entenda_a_mudanca_na_data_da_Black_Friday\" >Entenda a mudan\u00e7a na data da Black Friday!<\/a><\/li><li class='ez-toc-page-1 ez-toc-heading-level-2'><a class=\"ez-toc-link ez-toc-heading-2\" href=\"https:\/\/www.casamagalhaes.com.br\/blog\/tendencias-de-mercado\/data-da-black-friday\/#A_motivacao_do_debate\" >A motiva\u00e7\u00e3o do debate.<\/a><\/li><li class='ez-toc-page-1 ez-toc-heading-level-2'><a class=\"ez-toc-link ez-toc-heading-3\" href=\"https:\/\/www.casamagalhaes.com.br\/blog\/tendencias-de-mercado\/data-da-black-friday\/#Os_principais_obstaculos_ao_projeto\" >Os principais obst\u00e1culos ao projeto.<\/a><\/li><\/ul><\/nav><\/div>\n<h2><span class=\"ez-toc-section\" id=\"Entenda_a_mudanca_na_data_da_Black_Friday\"><\/span><b>Entenda a mudan\u00e7a na data da <em>Black Friday<\/em>!<\/b><span class=\"ez-toc-section-end\"><\/span><\/h2>\n<p><span style=\"font-weight: 400;\">Se as previs\u00f5es se confirmarem, a <\/span><i><span style=\"font-weight: 400;\">Black Friday<\/span><\/i><span style=\"font-weight: 400;\"> brasileira poder\u00e1 passar por uma dr\u00e1stica mudan\u00e7a em 2018, deixando de ser realizada no m\u00eas novembro e <strong>passando para setembro<\/strong>.<\/span><\/p>\n<p><span style=\"font-weight: 400;\">As discuss\u00f5es, que t\u00eam sido lideradas pela <\/span><a href=\"https:\/\/www.google.com.br\/url?sa=t&amp;rct=j&amp;q=&amp;esrc=s&amp;source=web&amp;cd=1&amp;cad=rja&amp;uact=8&amp;ved=0ahUKEwivt5ypxoHWAhWGSSYKHeDWARYQFggqMAA&amp;url=http%3A%2F%2Fwww.alshop.com.br%2F&amp;usg=AFQjCNFK0_eEt-RVqUS4CwNEpseLyU0dag\"><span style=\"font-weight: 400;\">Associa\u00e7\u00e3o Brasileira de Lojistas de Shopping<\/span><\/a><span style=\"font-weight: 400;\"> (Alshop), j\u00e1 tem o <strong>apoio de cerca de 70%<\/strong> dos participantes do debate, segundo o diretor de Rela\u00e7\u00f5es Institucionais da Associa\u00e7\u00e3o. <\/span><\/p>\n<p><span style=\"font-weight: 400;\">At\u00e9 o momento foram realizados tr\u00eas encontros que levantaram a possibilidade da mudan\u00e7a ainda para este ano, entretanto, como ainda <strong>n\u00e3o h\u00e1 um consenso<\/strong> entre os varejistas, a altera\u00e7\u00e3o dever\u00e1 ocorrer apenas em 2018.<\/span><\/p>\n<p><span style=\"font-weight: 400;\">Foram sugeridos, at\u00e9 ent\u00e3o, os meses de setembro e outubro para realoca\u00e7\u00e3o da data, entretanto, a maioria dos representantes do varejo optou pelo m\u00eas de setembro que \u00e9 considerado um per\u00edodo morno no com\u00e9rcio. <\/span><\/p>\n<p><span style=\"font-weight: 400;\">O <\/span><a href=\"https:\/\/www.google.com.br\/url?sa=t&amp;rct=j&amp;q=&amp;esrc=s&amp;source=web&amp;cd=1&amp;cad=rja&amp;uact=8&amp;ved=0ahUKEwjv09HWxoHWAhULQyYKHYssCugQFggnMAA&amp;url=http%3A%2F%2Fwww.idv.org.br%2F&amp;usg=AFQjCNG8jdHkwZ8kquJezsgSmLFdrsqk8A\"><span style=\"font-weight: 400;\">Instituto para o Desenvolvimento do Varejo<\/span><\/a><span style=\"font-weight: 400;\"> (IDV) instaurou um comit\u00ea a respeito do assunto e declarou, no dia 30 de agosto, o apoio a continuidade da <\/span><i><span style=\"font-weight: 400;\">Black Friday<\/span><\/i><span style=\"font-weight: 400;\"> em novembro.<\/span><\/p>\n<h2><span class=\"ez-toc-section\" id=\"A_motivacao_do_debate\"><\/span><b>A motiva\u00e7\u00e3o do debate.<\/b><span class=\"ez-toc-section-end\"><\/span><\/h2>\n<p><span style=\"font-weight: 400;\">A chegada da <\/span><i><span style=\"font-weight: 400;\">Black Friday<\/span><\/i><span style=\"font-weight: 400;\"> no Brasil ajudou a aumentar as vendas de novembro, um m\u00eas fraco para o varejo. Por\u00e9m, como a data promocional e o Natal s\u00e3o muito pr\u00f3ximos, os consumidores acabam aproveitando os descontos para comprar os presentes de fim de ano, <strong>prejudicando as vendas<\/strong> em dezembro. <\/span><\/p>\n<p><span style=\"font-weight: 400;\">A altera\u00e7\u00e3o na data da <\/span><i><span style=\"font-weight: 400;\">Black Friday <\/span><\/i><span style=\"font-weight: 400;\">tem uma motiva\u00e7\u00e3o clara: <strong>evitar o esvaziamento do com\u00e9rcio<\/strong> no per\u00edodo natalino e aumentar as vendas. <\/span><\/p>\n<h2><span class=\"ez-toc-section\" id=\"Os_principais_obstaculos_ao_projeto\"><\/span><b>Os principais obst\u00e1culos ao projeto. <\/b><span class=\"ez-toc-section-end\"><\/span><\/h2>\n<p><span style=\"font-weight: 400;\">Apesar do apoio, existem alguns obst\u00e1culos em rela\u00e7\u00e3o a proposta de mudan\u00e7a. <\/span><\/p>\n<p><span style=\"font-weight: 400;\">A \u00a0data de recebimento do 13\u00ba \u00e9 uma das maiores justificativas para manter a <\/span><i><span style=\"font-weight: 400;\">Black Friday <\/span><\/i><span style=\"font-weight: 400;\">em novembro, uma vez que o <strong>recebimento da primeira parcela<\/strong> do sal\u00e1rio contribui para as vendas no per\u00edodo. <\/span><\/p>\n<p><span style=\"font-weight: 400;\">A divulga\u00e7\u00e3o da nova data \u00e9 um grande debate dentro dos setores de marketing. Al\u00e9m do per\u00edodo j\u00e1 estar consolidado no mercado, o evento brasileiro ficaria deslocado do restante do mundo, perdendo o<strong> impacto do marketing global<\/strong> que se faz em torno do momento. <\/span><\/p>\n<p><span style=\"font-weight: 400;\">Segundo o presidente da <\/span><a href=\"http:\/\/www.ablec.com.br\/\"><span style=\"font-weight: 400;\">Associa\u00e7\u00e3o Brasileira de Lojistas de e-Commerce<\/span><\/a><span style=\"font-weight: 400;\"> (ABLEC), deve demorar cerca de tr\u00eas anos para que os consumidores se acostumem a uma nova data da <em>Black Friday<\/em>. <\/span><\/p>\n<p><span style=\"font-weight: 400;\">N\u00e3o \u00e9 a primeira vez que o varejo tenta \u201cdriblar\u201d a sazonalidade de vendas, entretanto, independente das mudan\u00e7as previstas para 2018, a sexta-feira de descontos deste ano j\u00e1 est\u00e1 chegando e essa \u00e9 uma <strong>boa oportunidade<\/strong> para preparar o seu estabelecimento. <\/span><\/p>\n<p><span style=\"font-weight: 400;\">Fique atento ao nosso blog porque estamos preparando algumas dicas incr\u00edveis para voc\u00ea aumentar as vendas nesta <\/span><i><span style=\"font-weight: 400;\">Black Friday <\/span><\/i><span style=\"font-weight: 400;\">Aproveite para assinar nossa newsletter preenchendo formul\u00e1rio abaixo e receba as novidades em primeira m\u00e3o!<\/span><\/p>\n<div id=\"cta-rodape-post-blog-cadastro-newsletter-5225678ea3f96bcfaa68\"><\/div>\n<p><script src=\"https:\/\/d335luupugsy2.cloudfront.net\/js\/rdstation-forms\/stable\/rdstation-forms.min.js\" type=\"text\/javascript\"><\/script><br \/>\n<script type=\"text\/javascript\">\/\/ <![CDATA[\nnew RDStationForms('cta-rodape-post-blog-cadastro-newsletter-5225678ea3f96bcfaa68-html', 'UA-45095125-1').createForm();\n\/\/ ]]><\/script><\/p>\n","protected":false},"excerpt":{"rendered":"<p>A data da Black Friday vai mudar? Se voc\u00ea tem ideia do que estamos falando ou quer entender mais sobre a mudan\u00e7a, ent\u00e3o continue lendo!<\/p>\n","protected":false},"author":3,"featured_media":3782,"comment_status":"open","ping_status":"open","sticky":false,"template":"","format":"standard","meta":{"_acf_changed":false,"episode_type":"","audio_file":"","podmotor_file_id":"","podmotor_episode_id":"","cover_image":"","cover_image_id":"","duration":"","filesize":"","filesize_raw":"","date_recorded":"","explicit":"","block":"","itunes_episode_number":"","itunes_title":"","itunes_season_number":"","itunes_episode_type":"","ngg_post_thumbnail":0,"footnotes":""},"categories":[163],"tags":[184,167],"class_list":["post-2348","post","type-post","status-publish","format-standard","has-post-thumbnail","hentry","category-tendencias-de-mercado","tag-black-friday","tag-datas-comemorativas"],"acf":[],"yoast_head":"<!-- This site is optimized with the Yoast SEO plugin v27.5 - https:\/\/yoast.com\/product\/yoast-seo-wordpress\/ -->\n<title>A data da Black Friday vai mudar? Entenda o que est\u00e1 acontecendo!<\/title>\n<meta name=\"description\" content=\"A data da Black Friday vai mudar? Se voc\u00ea tem ideia do que estamos falando ou quer entender mais sobre a mudan\u00e7a, ent\u00e3o continue lendo!\" \/>\n<meta name=\"robots\" content=\"index, follow, max-snippet:-1, max-image-preview:large, max-video-preview:-1\" \/>\n<link rel=\"canonical\" href=\"https:\/\/www.casamagalhaes.com.br\/blog\/tendencias-de-mercado\/data-da-black-friday\/\" \/>\n<meta property=\"og:locale\" content=\"pt_BR\" \/>\n<meta property=\"og:type\" content=\"article\" \/>\n<meta property=\"og:title\" content=\"A data da Black Friday vai mudar? Entenda o que est\u00e1 acontecendo!\" \/>\n<meta property=\"og:description\" content=\"A data da Black Friday vai mudar? Se voc\u00ea tem ideia do que estamos falando ou quer entender mais sobre a mudan\u00e7a, ent\u00e3o continue lendo!\" \/>\n<meta property=\"og:url\" content=\"https:\/\/www.casamagalhaes.com.br\/blog\/tendencias-de-mercado\/data-da-black-friday\/\" \/>\n<meta property=\"og:site_name\" content=\"Blog da Casa Magalh\u00e3es\" \/>\n<meta property=\"article:published_time\" content=\"2017-09-05T16:53:24+00:00\" \/>\n<meta property=\"article:modified_time\" content=\"2018-07-13T16:21:07+00:00\" \/>\n<meta property=\"og:image\" content=\"https:\/\/www.casamagalhaes.com.br\/blog\/wp-content\/uploads\/2017\/09\/data-black-friday.jpg\" \/>\n\t<meta property=\"og:image:width\" content=\"845\" \/>\n\t<meta property=\"og:image:height\" content=\"563\" \/>\n\t<meta property=\"og:image:type\" content=\"image\/jpeg\" \/>\n<meta name=\"author\" content=\"Casa Magalh\u00e3es\" \/>\n<meta name=\"twitter:card\" content=\"summary_large_image\" \/>\n<meta name=\"twitter:label1\" content=\"Escrito por\" \/>\n\t<meta name=\"twitter:data1\" content=\"Casa Magalh\u00e3es\" \/>\n\t<meta name=\"twitter:label2\" content=\"Est. tempo de leitura\" \/>\n\t<meta name=\"twitter:data2\" content=\"3 minutos\" \/>\n<script type=\"application\/ld+json\" class=\"yoast-schema-graph\">{\"@context\":\"https:\\\/\\\/schema.org\",\"@graph\":[{\"@type\":\"Article\",\"@id\":\"https:\\\/\\\/www.casamagalhaes.com.br\\\/blog\\\/tendencias-de-mercado\\\/data-da-black-friday\\\/#article\",\"isPartOf\":{\"@id\":\"https:\\\/\\\/www.casamagalhaes.com.br\\\/blog\\\/tendencias-de-mercado\\\/data-da-black-friday\\\/\"},\"author\":{\"name\":\"Casa Magalh\u00e3es\",\"@id\":\"https:\\\/\\\/www.casamagalhaes.com.br\\\/blog\\\/#\\\/schema\\\/person\\\/56c892544a618f4fc2031b11e7b05831\"},\"headline\":\"A data da Black Friday vai mudar? Entenda o que est\u00e1 acontecendo! ?\",\"datePublished\":\"2017-09-05T16:53:24+00:00\",\"dateModified\":\"2018-07-13T16:21:07+00:00\",\"mainEntityOfPage\":{\"@id\":\"https:\\\/\\\/www.casamagalhaes.com.br\\\/blog\\\/tendencias-de-mercado\\\/data-da-black-friday\\\/\"},\"wordCount\":579,\"commentCount\":0,\"image\":{\"@id\":\"https:\\\/\\\/www.casamagalhaes.com.br\\\/blog\\\/tendencias-de-mercado\\\/data-da-black-friday\\\/#primaryimage\"},\"thumbnailUrl\":\"https:\\\/\\\/www.casamagalhaes.com.br\\\/blog\\\/wp-content\\\/uploads\\\/2017\\\/09\\\/data-black-friday.jpg\",\"keywords\":[\"Black Friday\",\"Datas comemorativas\"],\"articleSection\":[\"Tend\u00eancias de mercado\"],\"inLanguage\":\"pt-BR\",\"potentialAction\":[{\"@type\":\"CommentAction\",\"name\":\"Comment\",\"target\":[\"https:\\\/\\\/www.casamagalhaes.com.br\\\/blog\\\/tendencias-de-mercado\\\/data-da-black-friday\\\/#respond\"]}]},{\"@type\":\"WebPage\",\"@id\":\"https:\\\/\\\/www.casamagalhaes.com.br\\\/blog\\\/tendencias-de-mercado\\\/data-da-black-friday\\\/\",\"url\":\"https:\\\/\\\/www.casamagalhaes.com.br\\\/blog\\\/tendencias-de-mercado\\\/data-da-black-friday\\\/\",\"name\":\"A data da Black Friday vai mudar? Entenda o que est\u00e1 acontecendo!\",\"isPartOf\":{\"@id\":\"https:\\\/\\\/www.casamagalhaes.com.br\\\/blog\\\/#website\"},\"primaryImageOfPage\":{\"@id\":\"https:\\\/\\\/www.casamagalhaes.com.br\\\/blog\\\/tendencias-de-mercado\\\/data-da-black-friday\\\/#primaryimage\"},\"image\":{\"@id\":\"https:\\\/\\\/www.casamagalhaes.com.br\\\/blog\\\/tendencias-de-mercado\\\/data-da-black-friday\\\/#primaryimage\"},\"thumbnailUrl\":\"https:\\\/\\\/www.casamagalhaes.com.br\\\/blog\\\/wp-content\\\/uploads\\\/2017\\\/09\\\/data-black-friday.jpg\",\"datePublished\":\"2017-09-05T16:53:24+00:00\",\"dateModified\":\"2018-07-13T16:21:07+00:00\",\"author\":{\"@id\":\"https:\\\/\\\/www.casamagalhaes.com.br\\\/blog\\\/#\\\/schema\\\/person\\\/56c892544a618f4fc2031b11e7b05831\"},\"description\":\"A data da Black Friday vai mudar? Se voc\u00ea tem ideia do que estamos falando ou quer entender mais sobre a mudan\u00e7a, ent\u00e3o continue lendo!\",\"breadcrumb\":{\"@id\":\"https:\\\/\\\/www.casamagalhaes.com.br\\\/blog\\\/tendencias-de-mercado\\\/data-da-black-friday\\\/#breadcrumb\"},\"inLanguage\":\"pt-BR\",\"potentialAction\":[{\"@type\":\"ReadAction\",\"target\":[\"https:\\\/\\\/www.casamagalhaes.com.br\\\/blog\\\/tendencias-de-mercado\\\/data-da-black-friday\\\/\"]}]},{\"@type\":\"ImageObject\",\"inLanguage\":\"pt-BR\",\"@id\":\"https:\\\/\\\/www.casamagalhaes.com.br\\\/blog\\\/tendencias-de-mercado\\\/data-da-black-friday\\\/#primaryimage\",\"url\":\"https:\\\/\\\/www.casamagalhaes.com.br\\\/blog\\\/wp-content\\\/uploads\\\/2017\\\/09\\\/data-black-friday.jpg\",\"contentUrl\":\"https:\\\/\\\/www.casamagalhaes.com.br\\\/blog\\\/wp-content\\\/uploads\\\/2017\\\/09\\\/data-black-friday.jpg\",\"width\":845,\"height\":563},{\"@type\":\"BreadcrumbList\",\"@id\":\"https:\\\/\\\/www.casamagalhaes.com.br\\\/blog\\\/tendencias-de-mercado\\\/data-da-black-friday\\\/#breadcrumb\",\"itemListElement\":[{\"@type\":\"ListItem\",\"position\":1,\"name\":\"In\u00edcio\",\"item\":\"https:\\\/\\\/www.casamagalhaes.com.br\\\/blog\\\/\"},{\"@type\":\"ListItem\",\"position\":2,\"name\":\"A data da Black Friday vai mudar? Entenda o que est\u00e1 acontecendo! ?\"}]},{\"@type\":\"WebSite\",\"@id\":\"https:\\\/\\\/www.casamagalhaes.com.br\\\/blog\\\/#website\",\"url\":\"https:\\\/\\\/www.casamagalhaes.com.br\\\/blog\\\/\",\"name\":\"Blog da Casa Magalh\u00e3es\",\"description\":\"\",\"potentialAction\":[{\"@type\":\"SearchAction\",\"target\":{\"@type\":\"EntryPoint\",\"urlTemplate\":\"https:\\\/\\\/www.casamagalhaes.com.br\\\/blog\\\/?s={search_term_string}\"},\"query-input\":{\"@type\":\"PropertyValueSpecification\",\"valueRequired\":true,\"valueName\":\"search_term_string\"}}],\"inLanguage\":\"pt-BR\"},{\"@type\":\"Person\",\"@id\":\"https:\\\/\\\/www.casamagalhaes.com.br\\\/blog\\\/#\\\/schema\\\/person\\\/56c892544a618f4fc2031b11e7b05831\",\"name\":\"Casa Magalh\u00e3es\",\"description\":\"Somos um Grupo empresarial da ind\u00fastria de TI, refer\u00eancia no mercado nacional de automa\u00e7\u00e3o comercial desde 1966, composto por empresas que desenvolvem softwares integrados de gest\u00e3o empresarial e frente de loja. Possui atendimento comercial, implanta\u00e7\u00e3o e suporte em todas as capitais do Brasil atrav\u00e9s de uma ampla rede de parceiros credenciados.\",\"sameAs\":[\"http:\\\/\\\/www.casamagalhaes.com.br\",\"https:\\\/\\\/www.instagram.com\\\/grupocasamagalhaes\\\/?hl=pt-br\"]}]}<\/script>\n<!-- \/ Yoast SEO plugin. -->","yoast_head_json":{"title":"A data da Black Friday vai mudar? Entenda o que est\u00e1 acontecendo!","description":"A data da Black Friday vai mudar? Se voc\u00ea tem ideia do que estamos falando ou quer entender mais sobre a mudan\u00e7a, ent\u00e3o continue lendo!","robots":{"index":"index","follow":"follow","max-snippet":"max-snippet:-1","max-image-preview":"max-image-preview:large","max-video-preview":"max-video-preview:-1"},"canonical":"https:\/\/www.casamagalhaes.com.br\/blog\/tendencias-de-mercado\/data-da-black-friday\/","og_locale":"pt_BR","og_type":"article","og_title":"A data da Black Friday vai mudar? Entenda o que est\u00e1 acontecendo!","og_description":"A data da Black Friday vai mudar? Se voc\u00ea tem ideia do que estamos falando ou quer entender mais sobre a mudan\u00e7a, ent\u00e3o continue lendo!","og_url":"https:\/\/www.casamagalhaes.com.br\/blog\/tendencias-de-mercado\/data-da-black-friday\/","og_site_name":"Blog da Casa Magalh\u00e3es","article_published_time":"2017-09-05T16:53:24+00:00","article_modified_time":"2018-07-13T16:21:07+00:00","og_image":[{"width":845,"height":563,"url":"https:\/\/www.casamagalhaes.com.br\/blog\/wp-content\/uploads\/2017\/09\/data-black-friday.jpg","type":"image\/jpeg"}],"author":"Casa Magalh\u00e3es","twitter_card":"summary_large_image","twitter_misc":{"Escrito por":"Casa Magalh\u00e3es","Est. tempo de leitura":"3 minutos"},"schema":{"@context":"https:\/\/schema.org","@graph":[{"@type":"Article","@id":"https:\/\/www.casamagalhaes.com.br\/blog\/tendencias-de-mercado\/data-da-black-friday\/#article","isPartOf":{"@id":"https:\/\/www.casamagalhaes.com.br\/blog\/tendencias-de-mercado\/data-da-black-friday\/"},"author":{"name":"Casa Magalh\u00e3es","@id":"https:\/\/www.casamagalhaes.com.br\/blog\/#\/schema\/person\/56c892544a618f4fc2031b11e7b05831"},"headline":"A data da Black Friday vai mudar? Entenda o que est\u00e1 acontecendo! ?","datePublished":"2017-09-05T16:53:24+00:00","dateModified":"2018-07-13T16:21:07+00:00","mainEntityOfPage":{"@id":"https:\/\/www.casamagalhaes.com.br\/blog\/tendencias-de-mercado\/data-da-black-friday\/"},"wordCount":579,"commentCount":0,"image":{"@id":"https:\/\/www.casamagalhaes.com.br\/blog\/tendencias-de-mercado\/data-da-black-friday\/#primaryimage"},"thumbnailUrl":"https:\/\/www.casamagalhaes.com.br\/blog\/wp-content\/uploads\/2017\/09\/data-black-friday.jpg","keywords":["Black Friday","Datas comemorativas"],"articleSection":["Tend\u00eancias de mercado"],"inLanguage":"pt-BR","potentialAction":[{"@type":"CommentAction","name":"Comment","target":["https:\/\/www.casamagalhaes.com.br\/blog\/tendencias-de-mercado\/data-da-black-friday\/#respond"]}]},{"@type":"WebPage","@id":"https:\/\/www.casamagalhaes.com.br\/blog\/tendencias-de-mercado\/data-da-black-friday\/","url":"https:\/\/www.casamagalhaes.com.br\/blog\/tendencias-de-mercado\/data-da-black-friday\/","name":"A data da Black Friday vai mudar? Entenda o que est\u00e1 acontecendo!","isPartOf":{"@id":"https:\/\/www.casamagalhaes.com.br\/blog\/#website"},"primaryImageOfPage":{"@id":"https:\/\/www.casamagalhaes.com.br\/blog\/tendencias-de-mercado\/data-da-black-friday\/#primaryimage"},"image":{"@id":"https:\/\/www.casamagalhaes.com.br\/blog\/tendencias-de-mercado\/data-da-black-friday\/#primaryimage"},"thumbnailUrl":"https:\/\/www.casamagalhaes.com.br\/blog\/wp-content\/uploads\/2017\/09\/data-black-friday.jpg","datePublished":"2017-09-05T16:53:24+00:00","dateModified":"2018-07-13T16:21:07+00:00","author":{"@id":"https:\/\/www.casamagalhaes.com.br\/blog\/#\/schema\/person\/56c892544a618f4fc2031b11e7b05831"},"description":"A data da Black Friday vai mudar? Se voc\u00ea tem ideia do que estamos falando ou quer entender mais sobre a mudan\u00e7a, ent\u00e3o continue lendo!","breadcrumb":{"@id":"https:\/\/www.casamagalhaes.com.br\/blog\/tendencias-de-mercado\/data-da-black-friday\/#breadcrumb"},"inLanguage":"pt-BR","potentialAction":[{"@type":"ReadAction","target":["https:\/\/www.casamagalhaes.com.br\/blog\/tendencias-de-mercado\/data-da-black-friday\/"]}]},{"@type":"ImageObject","inLanguage":"pt-BR","@id":"https:\/\/www.casamagalhaes.com.br\/blog\/tendencias-de-mercado\/data-da-black-friday\/#primaryimage","url":"https:\/\/www.casamagalhaes.com.br\/blog\/wp-content\/uploads\/2017\/09\/data-black-friday.jpg","contentUrl":"https:\/\/www.casamagalhaes.com.br\/blog\/wp-content\/uploads\/2017\/09\/data-black-friday.jpg","width":845,"height":563},{"@type":"BreadcrumbList","@id":"https:\/\/www.casamagalhaes.com.br\/blog\/tendencias-de-mercado\/data-da-black-friday\/#breadcrumb","itemListElement":[{"@type":"ListItem","position":1,"name":"In\u00edcio","item":"https:\/\/www.casamagalhaes.com.br\/blog\/"},{"@type":"ListItem","position":2,"name":"A data da Black Friday vai mudar? Entenda o que est\u00e1 acontecendo! ?"}]},{"@type":"WebSite","@id":"https:\/\/www.casamagalhaes.com.br\/blog\/#website","url":"https:\/\/www.casamagalhaes.com.br\/blog\/","name":"Blog da Casa Magalh\u00e3es","description":"","potentialAction":[{"@type":"SearchAction","target":{"@type":"EntryPoint","urlTemplate":"https:\/\/www.casamagalhaes.com.br\/blog\/?s={search_term_string}"},"query-input":{"@type":"PropertyValueSpecification","valueRequired":true,"valueName":"search_term_string"}}],"inLanguage":"pt-BR"},{"@type":"Person","@id":"https:\/\/www.casamagalhaes.com.br\/blog\/#\/schema\/person\/56c892544a618f4fc2031b11e7b05831","name":"Casa Magalh\u00e3es","description":"Somos um Grupo empresarial da ind\u00fastria de TI, refer\u00eancia no mercado nacional de automa\u00e7\u00e3o comercial desde 1966, composto por empresas que desenvolvem softwares integrados de gest\u00e3o empresarial e frente de loja. Possui atendimento comercial, implanta\u00e7\u00e3o e suporte em todas as capitais do Brasil atrav\u00e9s de uma ampla rede de parceiros credenciados.","sameAs":["http:\/\/www.casamagalhaes.com.br","https:\/\/www.instagram.com\/grupocasamagalhaes\/?hl=pt-br"]}]}},"_links":{"self":[{"href":"https:\/\/www.casamagalhaes.com.br\/blog\/wp-json\/wp\/v2\/posts\/2348","targetHints":{"allow":["GET"]}}],"collection":[{"href":"https:\/\/www.casamagalhaes.com.br\/blog\/wp-json\/wp\/v2\/posts"}],"about":[{"href":"https:\/\/www.casamagalhaes.com.br\/blog\/wp-json\/wp\/v2\/types\/post"}],"author":[{"embeddable":true,"href":"https:\/\/www.casamagalhaes.com.br\/blog\/wp-json\/wp\/v2\/users\/3"}],"replies":[{"embeddable":true,"href":"https:\/\/www.casamagalhaes.com.br\/blog\/wp-json\/wp\/v2\/comments?post=2348"}],"version-history":[{"count":8,"href":"https:\/\/www.casamagalhaes.com.br\/blog\/wp-json\/wp\/v2\/posts\/2348\/revisions"}],"predecessor-version":[{"id":2627,"href":"https:\/\/www.casamagalhaes.com.br\/blog\/wp-json\/wp\/v2\/posts\/2348\/revisions\/2627"}],"wp:featuredmedia":[{"embeddable":true,"href":"https:\/\/www.casamagalhaes.com.br\/blog\/wp-json\/wp\/v2\/media\/3782"}],"wp:attachment":[{"href":"https:\/\/www.casamagalhaes.com.br\/blog\/wp-json\/wp\/v2\/media?parent=2348"}],"wp:term":[{"taxonomy":"category","embeddable":true,"href":"https:\/\/www.casamagalhaes.com.br\/blog\/wp-json\/wp\/v2\/categories?post=2348"},{"taxonomy":"post_tag","embeddable":true,"href":"https:\/\/www.casamagalhaes.com.br\/blog\/wp-json\/wp\/v2\/tags?post=2348"}],"curies":[{"name":"wp","href":"https:\/\/api.w.org\/{rel}","templated":true}]}}